{"id":4884,"date":"2018-02-03T15:53:17","date_gmt":"2018-02-03T14:53:17","guid":{"rendered":"https:\/\/sites.ffkarate.fr\/hautsdeseine\/?post_type=news&amp;p=4884"},"modified":"2018-02-03T15:53:17","modified_gmt":"2018-02-03T14:53:17","slug":"entrainements-communs-departementaux-enfants-combats","status":"publish","type":"post","link":"https:\/\/sites.ffkarate.fr\/hautsdeseine\/2018\/02\/03\/entrainements-communs-departementaux-enfants-combats\/","title":{"rendered":"Entra\u00eenements Communs D\u00e9partementaux Enfants Combats"},"content":{"rendered":"<div class=\"wpb-content-wrapper\"><p>[vc_row][vc_column][vc_column_text]\u26a0\u26a0\u00a0La prochaine date pour l&rsquo;entrainement commun d\u00e9partemental Enfants\u00a0Combat\u00a0est parue. Il aura lieu le <strong>dimanche 4 mars 2018<\/strong> \u00e0 <strong>Issy-les-Moulineaux<\/strong>.\u00a0\u26a0\u26a0<\/p>\n<p><!--more--><\/p>\n<p>Les entra\u00eenements communs d\u00e9partementaux\u00a0enfants sont dispens\u00e9s par\u00a0<strong>Benjamin BIAGIOTTI<\/strong>\u00a0(multiple champion des Hauts de Seine, vainqueur de la coupe de France Corpo en v\u00e9t\u00e9rans\u00a0en\u00a02014, multiple m\u00e9daill\u00e9s \u00e0 des comp\u00e9tition nationales).<\/p>\n<p>Les entra\u00eenements sont ouverts \u00e0 tous pour les cat\u00e9gories\u00a0<strong>pupilles<\/strong>\u00a0et<strong>\u00a0benjamins<\/strong>. N&rsquo;oubliez pas vos protections.<\/p>\n<p>Le prochain entrainement aura lieu le :<\/p>\n<ul>\n<li><strong>Dimanche 4 mars 2018<\/strong> \u00e0 <strong>Issy-Les-Moulineaux<\/strong><\/li>\n<\/ul>\n<p><strong><a href=\"https:\/\/sites.ffkarate.fr\/hautsdeseine\/wp-content\/uploads\/sites\/57\/2018\/02\/2017_2018_EEE92_Enfants_V1.2.pdf\" target=\"_blank\" rel=\"noopener\"><span style=\"color: #003366\">Affiche des entra\u00eenements\u00a0au format PDF\u00a0&#8211; version 1.2 (M\u00e0J le 3 f\u00e9vrier 2018)<\/span><\/a>\u00a0<\/strong>\u2b05\ufe0f\u00a0Cliquez sur ce lien<\/p>\n<p><a href=\"https:\/\/sites.ffkarate.fr\/hautsdeseine\/wp-content\/uploads\/sites\/57\/2018\/02\/2017_2018_EEE92_Enfants_V1.2.png\"><img decoding=\"async\" class=\"aligncenter size-large wp-image-4882\" src=\"https:\/\/sites.ffkarate.fr\/hautsdeseine\/wp-content\/uploads\/sites\/57\/2018\/02\/2017_2018_EEE92_Enfants_V1.2-791x1024.png\" alt=\"2017_2018_EEE92_Enfants_V1.2\" width=\"640\" height=\"829\" \/><\/a>[\/vc_column_text][\/vc_column][\/vc_row]<\/p>\n<\/div>","protected":false},"excerpt":{"rendered":"<p>[vc_row][vc_column][vc_column_text]\u26a0\u26a0\u00a0La prochaine date pour l&rsquo;entrainement commun d\u00e9partemental Enfants\u00a0Combat\u00a0est parue. Il aura lieu le dimanche 4 mars 2018 \u00e0 Issy-les-Moulineaux.\u00a0\u26a0\u26a0<\/p>\n","protected":false},"author":87,"featured_media":4882,"comment_status":"closed","ping_status":"closed","sticky":false,"template":"","format":"standard","meta":{"footnotes":""},"categories":[1],"tags":[],"class_list":["post-4884","post","type-post","status-publish","format-standard","hentry","category-non-classe"],"_links":{"self":[{"href":"https:\/\/sites.ffkarate.fr\/hautsdeseine\/wp-json\/wp\/v2\/posts\/4884","targetHints":{"allow":["GET"]}}],"collection":[{"href":"https:\/\/sites.ffkarate.fr\/hautsdeseine\/wp-json\/wp\/v2\/posts"}],"about":[{"href":"https:\/\/sites.ffkarate.fr\/hautsdeseine\/wp-json\/wp\/v2\/types\/post"}],"author":[{"embeddable":true,"href":"https:\/\/sites.ffkarate.fr\/hautsdeseine\/wp-json\/wp\/v2\/users\/87"}],"replies":[{"embeddable":true,"href":"https:\/\/sites.ffkarate.fr\/hautsdeseine\/wp-json\/wp\/v2\/comments?post=4884"}],"version-history":[{"count":0,"href":"https:\/\/sites.ffkarate.fr\/hautsdeseine\/wp-json\/wp\/v2\/posts\/4884\/revisions"}],"wp:featuredmedia":[{"embeddable":true,"href":"https:\/\/sites.ffkarate.fr\/hautsdeseine\/wp-json\/wp\/v2\/media\/4882"}],"wp:attachment":[{"href":"https:\/\/sites.ffkarate.fr\/hautsdeseine\/wp-json\/wp\/v2\/media?parent=4884"}],"wp:term":[{"taxonomy":"category","embeddable":true,"href":"https:\/\/sites.ffkarate.fr\/hautsdeseine\/wp-json\/wp\/v2\/categories?post=4884"},{"taxonomy":"post_tag","embeddable":true,"href":"https:\/\/sites.ffkarate.fr\/hautsdeseine\/wp-json\/wp\/v2\/tags?post=4884"}],"curies":[{"name":"wp","href":"https:\/\/api.w.org\/{rel}","templated":true}]}}