{"id":4888,"date":"2018-02-03T16:09:10","date_gmt":"2018-02-03T15:09:10","guid":{"rendered":"https:\/\/sites.ffkarate.fr\/hautsdeseine\/?post_type=news&amp;p=4888"},"modified":"2018-02-03T16:09:10","modified_gmt":"2018-02-03T15:09:10","slug":"calendrier-departemental-v2-1","status":"publish","type":"post","link":"https:\/\/sites.ffkarate.fr\/hautsdeseine\/2018\/02\/03\/calendrier-departemental-v2-1\/","title":{"rendered":"Calendrier d\u00e9partemental &#8211; V2.1"},"content":{"rendered":"<div class=\"wpb-content-wrapper\"><p>[vc_row][vc_column][vc_column_text]Le\u00a0calendrier du Comit\u00e9 D\u00e9partemental pour la saison 2017-2018 a \u00e9t\u00e9 mis \u00e0 jour\u00a0!!\u00a0Retrouvez le en version PDF ou sur la page\u00a0\u00ab\u00a0<strong><span style=\"color: #003366\"><a style=\"color: #003366\" href=\"https:\/\/sites.ffkarate.fr\/hautsdeseine\/calendrier\/\">Calendrier<\/a><\/span><\/strong>\u00ab\u00a0.<\/p>\n<p><!--more--><\/p>\n<p>Modifications apport\u00e9es :<\/p>\n<ul>\n<li><span style=\"text-decoration: underline\">Dimanche 4 mars 2018<\/span>\u00a0:\u00a0Entrainement commun d\u00e9partemental Enfants\u00a0Combat<\/li>\n<li><span style=\"text-decoration: underline\">Dimanche\u00a08 avril 2018<\/span>\u00a0: Open des Ligues PPBM &#8211; Kumit\u00e9 &#8211; Kata &#8211; Lieu de la comp\u00e9tition : Courbevoie<\/li>\n<\/ul>\n<p>Vous pouvez le retrouver en cliquant\u00a0<span style=\"color: #003366\"><strong><a href=\"https:\/\/sites.ffkarate.fr\/hautsdeseine\/wp-content\/uploads\/sites\/57\/2018\/02\/2017-2018_Calendrier_CD92_V2.1.pdf\" target=\"_blank\" rel=\"noopener\"><span style=\"color: #003366\">ICI<\/span><\/a>\u00a0\u00a0<\/strong>\u2b05\ufe0f\u00a0<span style=\"color: #000000\">Cliquez sur ce lien<\/span><\/span>[\/vc_column_text][\/vc_column][\/vc_row]<\/p>\n<\/div>","protected":false},"excerpt":{"rendered":"<p>[vc_row][vc_column][vc_column_text]Le\u00a0calendrier du Comit\u00e9 D\u00e9partemental pour la saison 2017-2018 a \u00e9t\u00e9 mis \u00e0 jour\u00a0!!\u00a0Retrouvez le en version PDF ou sur la page\u00a0\u00ab\u00a0Calendrier\u00ab\u00a0.<\/p>\n","protected":false},"author":87,"featured_media":3363,"comment_status":"closed","ping_status":"closed","sticky":false,"template":"","format":"standard","meta":{"footnotes":""},"categories":[1],"tags":[],"class_list":["post-4888","post","type-post","status-publish","format-standard","hentry","category-non-classe"],"_links":{"self":[{"href":"https:\/\/sites.ffkarate.fr\/hautsdeseine\/wp-json\/wp\/v2\/posts\/4888","targetHints":{"allow":["GET"]}}],"collection":[{"href":"https:\/\/sites.ffkarate.fr\/hautsdeseine\/wp-json\/wp\/v2\/posts"}],"about":[{"href":"https:\/\/sites.ffkarate.fr\/hautsdeseine\/wp-json\/wp\/v2\/types\/post"}],"author":[{"embeddable":true,"href":"https:\/\/sites.ffkarate.fr\/hautsdeseine\/wp-json\/wp\/v2\/users\/87"}],"replies":[{"embeddable":true,"href":"https:\/\/sites.ffkarate.fr\/hautsdeseine\/wp-json\/wp\/v2\/comments?post=4888"}],"version-history":[{"count":0,"href":"https:\/\/sites.ffkarate.fr\/hautsdeseine\/wp-json\/wp\/v2\/posts\/4888\/revisions"}],"wp:featuredmedia":[{"embeddable":true,"href":"https:\/\/sites.ffkarate.fr\/hautsdeseine\/wp-json\/wp\/v2\/media\/3363"}],"wp:attachment":[{"href":"https:\/\/sites.ffkarate.fr\/hautsdeseine\/wp-json\/wp\/v2\/media?parent=4888"}],"wp:term":[{"taxonomy":"category","embeddable":true,"href":"https:\/\/sites.ffkarate.fr\/hautsdeseine\/wp-json\/wp\/v2\/categories?post=4888"},{"taxonomy":"post_tag","embeddable":true,"href":"https:\/\/sites.ffkarate.fr\/hautsdeseine\/wp-json\/wp\/v2\/tags?post=4888"}],"curies":[{"name":"wp","href":"https:\/\/api.w.org\/{rel}","templated":true}]}}