{"id":4939,"date":"2018-02-12T17:43:43","date_gmt":"2018-02-12T16:43:43","guid":{"rendered":"https:\/\/sites.ffkarate.fr\/hautsdeseine\/?post_type=news&amp;p=4939"},"modified":"2018-02-12T17:43:43","modified_gmt":"2018-02-12T16:43:43","slug":"entrainements-communs-departementaux-kata-2","status":"publish","type":"post","link":"https:\/\/sites.ffkarate.fr\/hautsdeseine\/2018\/02\/12\/entrainements-communs-departementaux-kata-2\/","title":{"rendered":"Entra\u00eenements communs d\u00e9partementaux Kata"},"content":{"rendered":"<div class=\"wpb-content-wrapper\"><p>[vc_row][vc_column][vc_column_text]\u26a0\u26a0\u00a0Les\u00a0trois prochaines dates pour les entra\u00eenements communs d\u00e9partementaux Kata\u00a0sont enfin connues\u00a0\u26a0\u26a0<\/p>\n<p><!--more--><\/p>\n<p>Les entra\u00eenements d\u00e9partementaux sont dispens\u00e9s par\u00a0<strong>Emeline JOUJOU<\/strong>\u00a0(championne de France Juniors, 2\u00e8me \u00e0 la coupe de France S\u00e9niors 2015).<\/p>\n<p>Les entra\u00eenements sont ouverts aux\u00a0<strong>benjamins<\/strong>,\u00a0<strong>minimes<\/strong>\u00a0et\u00a0<strong>cadets<\/strong>. C\u2019est une occasion unique de progresser avec une championne.<\/p>\n<p>Les entra\u00eenements auront lieu les :<\/p>\n<ul>\n<li><strong>Samedi 17 f\u00e9vrier 2018<\/strong>\u00a0:\u00a010h00 &#8211; 12h00<\/li>\n<li><strong>Dimanche 8 avril 2018<\/strong>\u00a0:\u00a010h00 &#8211; 12h00<\/li>\n<li><strong>Dimanche\u00a04 mars 2018<\/strong>\u00a0:\u00a010h00 &#8211; 12h00<\/li>\n<\/ul>\n<p><strong>Lieu :<\/strong><br \/>\n2 all\u00e9e du march\u00e9<br \/>\n92 800 Puteaux<\/p>\n<p>Nous vous attendons nombreux \u00e0 ces\u00a0trois\u00a0entra\u00eenements !!\u00a0\ud83d\udc4a<\/p>\n<p><strong><span style=\"color: #003366\"><a style=\"color: #003366\" href=\"https:\/\/sites.ffkarate.fr\/hautsdeseine\/wp-content\/uploads\/sites\/57\/2018\/02\/2017_2018_EEE_Kata_Affiche_V1.0.pdf\" target=\"_blank\" rel=\"noopener\">Affiche des entra\u00eenements\u00a0au format PDF\u00a0\u2013 version 1.0 (M\u00e0J le\u00a012 f\u00e9vrier 2018)<\/a><\/span>\u00a0<\/strong>\u2b05\ufe0f\u00a0Cliquez sur ce lien<\/p>\n<p><a href=\"https:\/\/sites.ffkarate.fr\/hautsdeseine\/wp-content\/uploads\/sites\/57\/2018\/02\/2017_2018_EEE_Kata_Affiche_V1.0.png\"><img decoding=\"async\" class=\"aligncenter wp-image-4937\" src=\"https:\/\/sites.ffkarate.fr\/hautsdeseine\/wp-content\/uploads\/sites\/57\/2018\/02\/2017_2018_EEE_Kata_Affiche_V1.0.png\" alt=\"2017_2018_EEE_Kata_Affiche_V1.0\" width=\"600\" height=\"800\" \/><\/a>[\/vc_column_text][\/vc_column][\/vc_row]<\/p>\n<\/div>","protected":false},"excerpt":{"rendered":"<p>[vc_row][vc_column][vc_column_text]\u26a0\u26a0\u00a0Les\u00a0trois prochaines dates pour les entra\u00eenements communs d\u00e9partementaux Kata\u00a0sont enfin connues\u00a0\u26a0\u26a0<\/p>\n","protected":false},"author":87,"featured_media":4937,"comment_status":"closed","ping_status":"closed","sticky":false,"template":"","format":"standard","meta":{"footnotes":""},"categories":[1],"tags":[],"class_list":["post-4939","post","type-post","status-publish","format-standard","hentry","category-non-classe"],"_links":{"self":[{"href":"https:\/\/sites.ffkarate.fr\/hautsdeseine\/wp-json\/wp\/v2\/posts\/4939","targetHints":{"allow":["GET"]}}],"collection":[{"href":"https:\/\/sites.ffkarate.fr\/hautsdeseine\/wp-json\/wp\/v2\/posts"}],"about":[{"href":"https:\/\/sites.ffkarate.fr\/hautsdeseine\/wp-json\/wp\/v2\/types\/post"}],"author":[{"embeddable":true,"href":"https:\/\/sites.ffkarate.fr\/hautsdeseine\/wp-json\/wp\/v2\/users\/87"}],"replies":[{"embeddable":true,"href":"https:\/\/sites.ffkarate.fr\/hautsdeseine\/wp-json\/wp\/v2\/comments?post=4939"}],"version-history":[{"count":0,"href":"https:\/\/sites.ffkarate.fr\/hautsdeseine\/wp-json\/wp\/v2\/posts\/4939\/revisions"}],"wp:featuredmedia":[{"embeddable":true,"href":"https:\/\/sites.ffkarate.fr\/hautsdeseine\/wp-json\/wp\/v2\/media\/4937"}],"wp:attachment":[{"href":"https:\/\/sites.ffkarate.fr\/hautsdeseine\/wp-json\/wp\/v2\/media?parent=4939"}],"wp:term":[{"taxonomy":"category","embeddable":true,"href":"https:\/\/sites.ffkarate.fr\/hautsdeseine\/wp-json\/wp\/v2\/categories?post=4939"},{"taxonomy":"post_tag","embeddable":true,"href":"https:\/\/sites.ffkarate.fr\/hautsdeseine\/wp-json\/wp\/v2\/tags?post=4939"}],"curies":[{"name":"wp","href":"https:\/\/api.w.org\/{rel}","templated":true}]}}