{"id":4966,"date":"2018-02-20T21:46:05","date_gmt":"2018-02-20T20:46:05","guid":{"rendered":"https:\/\/sites.ffkarate.fr\/hautsdeseine\/?post_type=news&amp;p=4966"},"modified":"2018-02-20T21:46:05","modified_gmt":"2018-02-20T20:46:05","slug":"coupe-de-france-karate-combine-kata-combats","status":"publish","type":"post","link":"https:\/\/sites.ffkarate.fr\/hautsdeseine\/2018\/02\/20\/coupe-de-france-karate-combine-kata-combats\/","title":{"rendered":"Coupe de France Karat\u00e9 Combin\u00e9 Kata \/ Combats."},"content":{"rendered":"<div class=\"wpb-content-wrapper\"><p>[vc_row][vc_column][vc_column_text]Le\u00a0<strong>samedi 10<\/strong>\u00a0<strong>f\u00e9vrier 2018<\/strong>\u00a0avait lieu la <strong>Coupe de France Karat\u00e9 Combin\u00e9 Kata \/ Combats<\/strong>.\u00a0Encore une moisson de m\u00e9daille remport\u00e9e par les comp\u00e9titeurs des Hauts-De-Seine. Une belle\u00a0<strong>1\u00e8re place<\/strong>\u00a0pour\u00a0<strong>Eva<\/strong>\u00a0du\u00a0<em>SKC Villeneuve<\/em>,\u00a0<strong>3 m\u00e9dailles d&rsquo;argent<\/strong>\u00a0pour l&rsquo;\u00e9quipe mixte du<strong>\u00a0SKC VIlleneuve<\/strong>,\u00a0<strong>Nesrine<\/strong>\u00a0du\u00a0<em>SKC Villeneuve<\/em>,\u00a0<strong>Alyssa<\/strong>\u00a0du<em>\u00a0Courbevoie SK<\/em>.\u00a0<strong>2 m\u00e9dailles de bronze<\/strong>\u00a0pour<strong>\u00a0Chatveekan<\/strong>\u00a0du\u00a0<em>CSMPuteaux<\/em>\u00a0et\u00a0<strong>Nora<\/strong>\u00a0du\u00a0<em>KC Colombes<\/em>.<\/p>\n<p><!--more--><\/p>\n<p><strong>1er :<\/strong><\/p>\n<ul>\n<li><strong>Eva CRIOU\u00a0<\/strong>(<em>SKC Villeneuve<\/em>) &#8211;\u00a0Minime\u00a0f\u00e9minine-50kg<\/li>\n<\/ul>\n<p><strong>2\u00e8me :<\/strong><\/p>\n<ul>\n<li><strong>SKC Villeneuve<\/strong>\u00a0&#8211;\u00a0Equipe mixte<\/li>\n<li><strong>Nesrine OUNADJELA\u00a0<\/strong>(<em>SKC Villeneuve<\/em>) &#8211;\u00a0Minime f\u00e9minine-45kg<\/li>\n<li><strong>AlyssaDARNOIS\u00a0<\/strong>(<em>Courbevoie SK<\/em>) &#8211;\u00a0Cadet f\u00e9minine-47kg<\/li>\n<\/ul>\n<p><strong>3\u00e8me :<\/strong><\/p>\n<ul>\n<li><strong>Chatveekan\u00a0THIVENDRARAJAH<\/strong>\u00a0(<em>CSMPuteaux<\/em>) &#8211;\u00a0Cadet masculin<\/li>\n<li><strong>Nora AKRATI\u00a0<\/strong>(<i>KC Colombes<\/i>) &#8211; U18 Open f\u00e9minine<\/li>\n<\/ul>\n<p>A noter,\u00a0la belle cinqui\u00e8me place de\u00a0<strong>Thibault VOINDROT<\/strong>\u00a0(<em>SKC Villeneuve<\/em>)\u00a0en minimes masculin -55 kg,<\/p>\n<p><span style=\"color: #003366\"><strong><a style=\"color: #003366\" href=\"https:\/\/sites.ffkarate.fr\/hautsdeseine\/wp-content\/uploads\/sites\/57\/2018\/02\/20180210_Coupe_France_Combine_Resultats_V1.0.pdf\" target=\"_blank\" rel=\"noopener\">R\u00e9sultats complet de la Coupe de France Karat\u00e9 Combin\u00e9 Kata \/ Combats du samedi 10 f\u00e9vrier 2018<\/a><\/strong><\/span>\u00a0\u2b05\ufe0f\u00a0<span style=\"color: #000000\">Cliquez sur ce lien<\/span>[\/vc_column_text][\/vc_column][\/vc_row]<\/p>\n<\/div>","protected":false},"excerpt":{"rendered":"<p>[vc_row][vc_column][vc_column_text]Le\u00a0samedi 10\u00a0f\u00e9vrier 2018\u00a0avait lieu la Coupe de France Karat\u00e9 Combin\u00e9 Kata \/ Combats.\u00a0Encore une moisson de m\u00e9daille remport\u00e9e par les comp\u00e9titeurs des Hauts-De-Seine. Une belle\u00a01\u00e8re place\u00a0pour\u00a0Eva\u00a0du\u00a0SKC Villeneuve,\u00a03 m\u00e9dailles d&rsquo;argent\u00a0pour l&rsquo;\u00e9quipe mixte du\u00a0SKC VIlleneuve,\u00a0Nesrine\u00a0du\u00a0SKC Villeneuve,\u00a0Alyssa\u00a0du\u00a0Courbevoie SK.\u00a02 m\u00e9dailles de bronze\u00a0pour\u00a0Chatveekan\u00a0du\u00a0CSMPuteaux\u00a0et\u00a0Nora\u00a0du\u00a0KC Colombes.<\/p>\n","protected":false},"author":87,"featured_media":4964,"comment_status":"closed","ping_status":"closed","sticky":false,"template":"","format":"standard","meta":{"footnotes":""},"categories":[1],"tags":[],"class_list":["post-4966","post","type-post","status-publish","format-standard","hentry","category-non-classe"],"_links":{"self":[{"href":"https:\/\/sites.ffkarate.fr\/hautsdeseine\/wp-json\/wp\/v2\/posts\/4966","targetHints":{"allow":["GET"]}}],"collection":[{"href":"https:\/\/sites.ffkarate.fr\/hautsdeseine\/wp-json\/wp\/v2\/posts"}],"about":[{"href":"https:\/\/sites.ffkarate.fr\/hautsdeseine\/wp-json\/wp\/v2\/types\/post"}],"author":[{"embeddable":true,"href":"https:\/\/sites.ffkarate.fr\/hautsdeseine\/wp-json\/wp\/v2\/users\/87"}],"replies":[{"embeddable":true,"href":"https:\/\/sites.ffkarate.fr\/hautsdeseine\/wp-json\/wp\/v2\/comments?post=4966"}],"version-history":[{"count":0,"href":"https:\/\/sites.ffkarate.fr\/hautsdeseine\/wp-json\/wp\/v2\/posts\/4966\/revisions"}],"wp:featuredmedia":[{"embeddable":true,"href":"https:\/\/sites.ffkarate.fr\/hautsdeseine\/wp-json\/wp\/v2\/media\/4964"}],"wp:attachment":[{"href":"https:\/\/sites.ffkarate.fr\/hautsdeseine\/wp-json\/wp\/v2\/media?parent=4966"}],"wp:term":[{"taxonomy":"category","embeddable":true,"href":"https:\/\/sites.ffkarate.fr\/hautsdeseine\/wp-json\/wp\/v2\/categories?post=4966"},{"taxonomy":"post_tag","embeddable":true,"href":"https:\/\/sites.ffkarate.fr\/hautsdeseine\/wp-json\/wp\/v2\/tags?post=4966"}],"curies":[{"name":"wp","href":"https:\/\/api.w.org\/{rel}","templated":true}]}}