{"id":4992,"date":"2018-02-27T00:11:21","date_gmt":"2018-02-26T23:11:21","guid":{"rendered":"https:\/\/sites.ffkarate.fr\/hautsdeseine\/?post_type=news&amp;p=4992"},"modified":"2018-02-27T00:11:21","modified_gmt":"2018-02-26T23:11:21","slug":"challenge-berger-4","status":"publish","type":"post","link":"https:\/\/sites.ffkarate.fr\/hautsdeseine\/2018\/02\/27\/challenge-berger-4\/","title":{"rendered":"Challenge Berger"},"content":{"rendered":"<div class=\"wpb-content-wrapper\"><p>[vc_row][vc_column][vc_column_text]<span style=\"text-decoration: underline\"><\/span>Le comit\u00e9 d\u00e9partemental\u00a0des Hauts de Seine organise le\u00a0<span style=\"text-decoration: underline\">dimanche 11\u00a0mars 2018<\/span>, un challenge Berger\u00a0en Kumit\u00e9 et\/ou en Kata pour les\u00a0<strong>poussins<\/strong>,\u00a0<strong>pupilles<\/strong>\u00a0et\u00a0<strong>benjamins<\/strong>.<\/p>\n<p><!--more--><\/p>\n<p><strong>Conditions de participation :<\/strong><\/p>\n<p>Le participant doit pr\u00e9senter sur passeport obligatoirement :<\/p>\n<ul>\n<li>Licence de l&rsquo;ann\u00e9e\u00a0en cours, ou justificatif,<\/li>\n<li>Un certificat m\u00e9dical de l\u2019ann\u00e9e en cours,<\/li>\n<li>Une autorisation parentale (voir document &#8211;\u00a0<em>D\u00e9roulement de la comp\u00e9tition<\/em>\u00a0&#8211; ci-dessous)<\/li>\n<\/ul>\n<p>* Ne pas oublier vos protections pour les combats (gants, pieds, plastrons et casque).<br \/>\n* Ne pas oublier vos ceintures rouges et bleues pour les katas.<\/p>\n<p><strong>Lieu :<\/strong><br \/>\nDojo Gennevilliers<br \/>\n78 avenue Chandon<br \/>\n92230 GENNEVILLIERS<\/p>\n<p><a href=\"https:\/\/sites.ffkarate.fr\/hautsdeseine\/wp-content\/uploads\/sites\/57\/2018\/02\/2180311_Challenge_Berger_Programme_V1.0.pdf\" target=\"_blank\" rel=\"noopener\"><span style=\"color: #003366\"><strong>D\u00e9roulement de la comp\u00e9tition (M\u00e0J le 27 f\u00e9vrier 2018)<\/strong><\/span><\/a><\/p>\n<p><strong>Inscriptions &#8211; les inscriptions ne se font que par retour du fichier EXCEL\u00a0:<\/strong><\/p>\n<ul>\n<li><span style=\"text-decoration: underline\">Kata et combats<\/span>\u00a0: Veuillez\u00a0t\u00e9l\u00e9charger le fichier Excel en cliquant\u00a0<strong><span style=\"color: #000080\"><span style=\"color: #003366\"><a style=\"color: #003366\" href=\"https:\/\/sites.ffkarate.fr\/hautsdeseine\/wp-content\/uploads\/sites\/57\/2018\/02\/2180311_Challenge_Berger_Inscriptions_V1.0.xls\" target=\"_blank\" rel=\"noopener\">ICI<\/a>\u00a0\u00a0\u2b05<\/span><\/span><\/strong><span style=\"color: #000000\">\u00a0Cliquez sur ce lien<\/span><\/li>\n<\/ul>\n<p>\u26a0\u26a0\u00a0<span style=\"color: #ff0000\"><strong>Attention :\u00a0\u26a0\u26a0<\/strong><\/span><\/p>\n<ul>\n<li>Pour chaque cat\u00e9gorie, il existe un onglet \u00ab\u00a0Qualifi\u00e9 France\u00a0\u00bb, merci de le respecter.<\/li>\n<li>Merci de bien renseigner le poids exact du comp\u00e9titeurs<\/li>\n<\/ul>\n<p>Retournez les compl\u00e9t\u00e9s par\u00a0mail au\u00a0<strong>format EXCEL<\/strong>\u00a0\u00e0 la Ligue (<span style=\"color: #003366\"><strong><a style=\"color: #003366\" href=\"mailto:cd92.ffkarate@gmail.com\" target=\"_blank\" rel=\"noopener\">cd92.ffkarate@gmail.com<\/a><\/strong><\/span>).<\/p>\n<p><span style=\"color: #ff0000\"><strong>Les inscriptions sont ouvertes jusqu\u2019au\u00a0jeudi\u00a08 mars 2018.<\/strong><\/span><\/p>\n<p><strong><span style=\"color: #003366\"><a style=\"color: #003366\" href=\"https:\/\/sites.ffkarate.fr\/hautsdeseine\/wp-content\/uploads\/sites\/57\/2018\/02\/2180311_Challenge_Berger_Affiche_V1.0.pdf\" target=\"_blank\" rel=\"noopener\">Affiche au format PDF pour impression et affichage dans votre club<\/a><\/span><\/strong>\u00a0<strong><span style=\"color: #000080\"><b>\u2b05<\/b><\/span><\/strong><span style=\"color: #000000\">\u00a0Cliquez sur ce lien<\/span><\/p>\n<p><a href=\"https:\/\/sites.ffkarate.fr\/hautsdeseine\/wp-content\/uploads\/sites\/57\/2018\/02\/2180311_Challenge_Berger_Affiche_V1.0.png\"><img decoding=\"async\" class=\"aligncenter size-full wp-image-4989\" src=\"https:\/\/sites.ffkarate.fr\/hautsdeseine\/wp-content\/uploads\/sites\/57\/2018\/02\/2180311_Challenge_Berger_Affiche_V1.0.png\" alt=\"2180311_Challenge_Berger_Affiche_V1.0\" width=\"960\" height=\"720\" \/><\/a>[\/vc_column_text][\/vc_column][\/vc_row]<\/p>\n<\/div>","protected":false},"excerpt":{"rendered":"<p>[vc_row][vc_column][vc_column_text]Le comit\u00e9 d\u00e9partemental\u00a0des Hauts de Seine organise le\u00a0dimanche 11\u00a0mars 2018, un challenge Berger\u00a0en Kumit\u00e9 et\/ou en Kata pour les\u00a0poussins,\u00a0pupilles\u00a0et\u00a0benjamins.<\/p>\n","protected":false},"author":87,"featured_media":4989,"comment_status":"closed","ping_status":"closed","sticky":false,"template":"","format":"standard","meta":{"footnotes":""},"categories":[1],"tags":[],"class_list":["post-4992","post","type-post","status-publish","format-standard","hentry","category-non-classe"],"_links":{"self":[{"href":"https:\/\/sites.ffkarate.fr\/hautsdeseine\/wp-json\/wp\/v2\/posts\/4992","targetHints":{"allow":["GET"]}}],"collection":[{"href":"https:\/\/sites.ffkarate.fr\/hautsdeseine\/wp-json\/wp\/v2\/posts"}],"about":[{"href":"https:\/\/sites.ffkarate.fr\/hautsdeseine\/wp-json\/wp\/v2\/types\/post"}],"author":[{"embeddable":true,"href":"https:\/\/sites.ffkarate.fr\/hautsdeseine\/wp-json\/wp\/v2\/users\/87"}],"replies":[{"embeddable":true,"href":"https:\/\/sites.ffkarate.fr\/hautsdeseine\/wp-json\/wp\/v2\/comments?post=4992"}],"version-history":[{"count":0,"href":"https:\/\/sites.ffkarate.fr\/hautsdeseine\/wp-json\/wp\/v2\/posts\/4992\/revisions"}],"wp:featuredmedia":[{"embeddable":true,"href":"https:\/\/sites.ffkarate.fr\/hautsdeseine\/wp-json\/wp\/v2\/media\/4989"}],"wp:attachment":[{"href":"https:\/\/sites.ffkarate.fr\/hautsdeseine\/wp-json\/wp\/v2\/media?parent=4992"}],"wp:term":[{"taxonomy":"category","embeddable":true,"href":"https:\/\/sites.ffkarate.fr\/hautsdeseine\/wp-json\/wp\/v2\/categories?post=4992"},{"taxonomy":"post_tag","embeddable":true,"href":"https:\/\/sites.ffkarate.fr\/hautsdeseine\/wp-json\/wp\/v2\/tags?post=4992"}],"curies":[{"name":"wp","href":"https:\/\/api.w.org\/{rel}","templated":true}]}}