{"id":5417,"date":"2018-06-08T08:17:08","date_gmt":"2018-06-08T06:17:08","guid":{"rendered":"https:\/\/sites.ffkarate.fr\/hautsdeseine\/?post_type=news&amp;p=5417"},"modified":"2018-06-08T08:17:08","modified_gmt":"2018-06-08T06:17:08","slug":"challenge-des-hauts-de-seine-4","status":"publish","type":"post","link":"https:\/\/sites.ffkarate.fr\/hautsdeseine\/2018\/06\/08\/challenge-des-hauts-de-seine-4\/","title":{"rendered":"Challenge des Hauts-De-Seine"},"content":{"rendered":"<div class=\"wpb-content-wrapper\"><p>[vc_row][vc_column][vc_column_text]Le\u00a0<strong>Comit\u00e9 D\u00e9partemental des\u00a0Hauts-de-Seine<\/strong>\u00a0organise le\u00a0<span style=\"color: #1243a0\"><strong>samedi 9 et\u00a0dimanche 10 juin 2018<\/strong><\/span>, le<strong>\u00a0<span style=\"color: #dc2d5a\">Challenge des Hauts-De-Seine du fair-play et de la mixit\u00e9<\/span><\/strong>\u00a0en Kumit\u00e9 et\/ou en Kata de\u00a0<strong>poussins<\/strong>\u00a0\u00e0\u00a0<strong>v\u00e9t\u00e9rans<\/strong>.<\/p>\n<p><!--more--><\/p>\n<p>Toutes les informations sur la page \u00ab\u00a0<span style=\"color: #1423a0\"><strong><a style=\"color: #1423a0\" href=\"https:\/\/sites.ffkarate.fr\/hautsdeseine\/competitions\/\">Comp\u00e9titions<\/a><\/strong><\/span>\u00ab\u00a0.<\/p>\n<p>Apr\u00e8s plusieurs visites sur site, il appara\u00eet une possible difficult\u00e9 pour trouver l&rsquo;espace omnisports. Vous trouverez ci-dessous une explication afin de trouver facilement le lieu de la comp\u00e9tition.<\/p>\n<p><strong><span style=\"color: #1423a0\"><a style=\"color: #1423a0\" href=\"https:\/\/sites.ffkarate.fr\/hautsdeseine\/wp-content\/uploads\/sites\/57\/2018\/06\/20180609-10_Challenge_Hauts_De_Seine_Localisation.pdf\" target=\"_blank\" rel=\"noopener\">Localisation au format PDF<\/a><\/span><\/strong>\u00a0<strong>\u2b05\u00a0<\/strong><span style=\"color: #000000\">Cliquez sur ce lien<\/span><\/p>\n<p><a href=\"https:\/\/sites.ffkarate.fr\/hautsdeseine\/wp-content\/uploads\/sites\/57\/2018\/06\/20180609-10_Challenge_Hauts_De_Seine_Localisation.png\"><img decoding=\"async\" class=\"aligncenter size-large wp-image-5419\" src=\"https:\/\/sites.ffkarate.fr\/hautsdeseine\/wp-content\/uploads\/sites\/57\/2018\/06\/20180609-10_Challenge_Hauts_De_Seine_Localisation-724x1024.png\" alt=\"20180609-10_Challenge_Hauts_De_Seine_Localisation\" width=\"640\" height=\"905\" \/><\/a>[\/vc_column_text][\/vc_column][\/vc_row]<\/p>\n<\/div>","protected":false},"excerpt":{"rendered":"<p>[vc_row][vc_column][vc_column_text]Le\u00a0Comit\u00e9 D\u00e9partemental des\u00a0Hauts-de-Seine\u00a0organise le\u00a0samedi 9 et\u00a0dimanche 10 juin 2018, le\u00a0Challenge des Hauts-De-Seine du fair-play et de la mixit\u00e9\u00a0en Kumit\u00e9 et\/ou en Kata de\u00a0poussins\u00a0\u00e0\u00a0v\u00e9t\u00e9rans.<\/p>\n","protected":false},"author":87,"featured_media":5256,"comment_status":"closed","ping_status":"closed","sticky":false,"template":"","format":"standard","meta":{"footnotes":""},"categories":[1],"tags":[],"class_list":["post-5417","post","type-post","status-publish","format-standard","hentry","category-non-classe"],"_links":{"self":[{"href":"https:\/\/sites.ffkarate.fr\/hautsdeseine\/wp-json\/wp\/v2\/posts\/5417","targetHints":{"allow":["GET"]}}],"collection":[{"href":"https:\/\/sites.ffkarate.fr\/hautsdeseine\/wp-json\/wp\/v2\/posts"}],"about":[{"href":"https:\/\/sites.ffkarate.fr\/hautsdeseine\/wp-json\/wp\/v2\/types\/post"}],"author":[{"embeddable":true,"href":"https:\/\/sites.ffkarate.fr\/hautsdeseine\/wp-json\/wp\/v2\/users\/87"}],"replies":[{"embeddable":true,"href":"https:\/\/sites.ffkarate.fr\/hautsdeseine\/wp-json\/wp\/v2\/comments?post=5417"}],"version-history":[{"count":0,"href":"https:\/\/sites.ffkarate.fr\/hautsdeseine\/wp-json\/wp\/v2\/posts\/5417\/revisions"}],"wp:featuredmedia":[{"embeddable":true,"href":"https:\/\/sites.ffkarate.fr\/hautsdeseine\/wp-json\/wp\/v2\/media\/5256"}],"wp:attachment":[{"href":"https:\/\/sites.ffkarate.fr\/hautsdeseine\/wp-json\/wp\/v2\/media?parent=5417"}],"wp:term":[{"taxonomy":"category","embeddable":true,"href":"https:\/\/sites.ffkarate.fr\/hautsdeseine\/wp-json\/wp\/v2\/categories?post=5417"},{"taxonomy":"post_tag","embeddable":true,"href":"https:\/\/sites.ffkarate.fr\/hautsdeseine\/wp-json\/wp\/v2\/tags?post=5417"}],"curies":[{"name":"wp","href":"https:\/\/api.w.org\/{rel}","templated":true}]}}