{"id":5713,"date":"2018-10-07T17:05:22","date_gmt":"2018-10-07T15:05:22","guid":{"rendered":"https:\/\/sites.ffkarate.fr\/hautsdeseine\/?post_type=news&amp;p=5713"},"modified":"2018-10-07T17:05:22","modified_gmt":"2018-10-07T15:05:22","slug":"entrainement-elite-jeunes","status":"publish","type":"post","link":"https:\/\/sites.ffkarate.fr\/hautsdeseine\/2018\/10\/07\/entrainement-elite-jeunes\/","title":{"rendered":"Entrainement Elite Jeunes"},"content":{"rendered":"<div class=\"wpb-content-wrapper\"><p>[vc_row][vc_column][vc_column_text]Photo de l\u2019entra\u00eenement \u00e9lite combat\u00a0du\u00a0<strong>dimanche 7 octobre 2018<\/strong>\u00a0dispens\u00e9 par <strong>Yann RETORY<\/strong> \u00e0 Courbevoie.<\/p>\n<p><!--more--><br \/>\nUne vingtaine de comp\u00e9titeurs \u00e9taient pr\u00e9sents \u00e0 cet entra\u00eenement sur le th\u00e8me des attaques. Rendez-vous au prochain entra\u00eenement qui aura lieu le <strong>dimanche 25 novembre 2018<\/strong>.\u00a0<span class=\"text_exposed_show\">Bravo \u00e0 tous pour votre participation.<\/span><\/p>\n<p style=\"text-align: center\"><a href=\"https:\/\/sites.ffkarate.fr\/hautsdeseine\/wp-content\/uploads\/sites\/57\/2018\/10\/20181007_EEE92_Courbevoie_Reduit_V1.0.jpg\"><img decoding=\"async\" class=\"alignnone wp-image-5712\" src=\"https:\/\/sites.ffkarate.fr\/hautsdeseine\/wp-content\/uploads\/sites\/57\/2018\/10\/20181007_EEE92_Courbevoie_Reduit_V1.0.jpg\" alt=\"20181007_EEE92_Courbevoie_Reduit_V1.0\" width=\"600\" height=\"318\" \/><\/a><\/p>\n<p>[\/vc_column_text][\/vc_column][\/vc_row]<\/p>\n<\/div>","protected":false},"excerpt":{"rendered":"<p>[vc_row][vc_column][vc_column_text]Photo de l\u2019entra\u00eenement \u00e9lite combat\u00a0du\u00a0dimanche 7 octobre 2018\u00a0dispens\u00e9 par Yann RETORY \u00e0 Courbevoie.<\/p>\n","protected":false},"author":87,"featured_media":5712,"comment_status":"closed","ping_status":"closed","sticky":false,"template":"","format":"standard","meta":{"footnotes":""},"categories":[1],"tags":[],"class_list":["post-5713","post","type-post","status-publish","format-standard","hentry","category-non-classe"],"_links":{"self":[{"href":"https:\/\/sites.ffkarate.fr\/hautsdeseine\/wp-json\/wp\/v2\/posts\/5713","targetHints":{"allow":["GET"]}}],"collection":[{"href":"https:\/\/sites.ffkarate.fr\/hautsdeseine\/wp-json\/wp\/v2\/posts"}],"about":[{"href":"https:\/\/sites.ffkarate.fr\/hautsdeseine\/wp-json\/wp\/v2\/types\/post"}],"author":[{"embeddable":true,"href":"https:\/\/sites.ffkarate.fr\/hautsdeseine\/wp-json\/wp\/v2\/users\/87"}],"replies":[{"embeddable":true,"href":"https:\/\/sites.ffkarate.fr\/hautsdeseine\/wp-json\/wp\/v2\/comments?post=5713"}],"version-history":[{"count":0,"href":"https:\/\/sites.ffkarate.fr\/hautsdeseine\/wp-json\/wp\/v2\/posts\/5713\/revisions"}],"wp:featuredmedia":[{"embeddable":true,"href":"https:\/\/sites.ffkarate.fr\/hautsdeseine\/wp-json\/wp\/v2\/media\/5712"}],"wp:attachment":[{"href":"https:\/\/sites.ffkarate.fr\/hautsdeseine\/wp-json\/wp\/v2\/media?parent=5713"}],"wp:term":[{"taxonomy":"category","embeddable":true,"href":"https:\/\/sites.ffkarate.fr\/hautsdeseine\/wp-json\/wp\/v2\/categories?post=5713"},{"taxonomy":"post_tag","embeddable":true,"href":"https:\/\/sites.ffkarate.fr\/hautsdeseine\/wp-json\/wp\/v2\/tags?post=5713"}],"curies":[{"name":"wp","href":"https:\/\/api.w.org\/{rel}","templated":true}]}}