{"id":5722,"date":"2018-10-08T22:21:56","date_gmt":"2018-10-08T20:21:56","guid":{"rendered":"https:\/\/sites.ffkarate.fr\/hautsdeseine\/?post_type=news&amp;p=5722"},"modified":"2018-10-08T22:21:56","modified_gmt":"2018-10-08T20:21:56","slug":"resultats-open-elhatri2","status":"publish","type":"post","link":"https:\/\/sites.ffkarate.fr\/hautsdeseine\/2018\/10\/08\/resultats-open-elhatri2\/","title":{"rendered":"R\u00e9sultats OPEN ELHATRI"},"content":{"rendered":"<div class=\"wpb-content-wrapper\"><p>[vc_row][vc_column][vc_column_text]Le\u00a0<strong>samedi 6 et dimanche 7\u00a0octobre 2018,\u00a0<\/strong>avait lieu la\u00a0l&rsquo;<strong>OPEN ELHATRI<\/strong>\u00a0\u00e0 Eindhoven (Pays-Bas).<\/p>\n<p><!--more--><\/p>\n<p><strong>3\u00e8me place :\u00a0<\/strong><\/p>\n<ul>\n<li><strong>L\u00e9a NAPASEUT<\/strong>\u00a0(<em>KCColombes<\/em>) &#8211;\u00a0U10 f\u00e9minin kata<\/li>\n<\/ul>\n<p>Le Comit\u00e9 D\u00e9partemental f\u00e9licite L\u00e9a pour cette tr\u00e8s belle place !!<\/p>\n<p style=\"text-align: center\"><a href=\"https:\/\/sites.ffkarate.fr\/hautsdeseine\/wp-content\/uploads\/sites\/57\/2018\/10\/20181006-07_OPEN_ELHATRI-Eindhoven_Lea_Napaseut_3eme.jpg\"><img decoding=\"async\" class=\"alignnone wp-image-5716\" src=\"https:\/\/sites.ffkarate.fr\/hautsdeseine\/wp-content\/uploads\/sites\/57\/2018\/10\/20181006-07_OPEN_ELHATRI-Eindhoven_Lea_Napaseut_3eme-768x1024.jpg\" alt=\"20181006-07_OPEN_ELHATRI-Eindhoven_Lea_Napaseut_3eme\" width=\"450\" height=\"600\" \/><\/a><\/p>\n<p style=\"text-align: center\"><strong>L\u00e9a NAPASEUT<\/strong>\u00a0(<em>KCColombes<\/em>) &#8211;\u00a0<strong>3\u00e8me<\/strong>\u00a0&#8211; U10 f\u00e9minin kata<\/p>\n<p>[\/vc_column_text][\/vc_column][\/vc_row]<\/p>\n<\/div>","protected":false},"excerpt":{"rendered":"<p>[vc_row][vc_column][vc_column_text]Le\u00a0samedi 6 et dimanche 7\u00a0octobre 2018,\u00a0avait lieu la\u00a0l&rsquo;OPEN ELHATRI\u00a0\u00e0 Eindhoven (Pays-Bas).<\/p>\n","protected":false},"author":87,"featured_media":5716,"comment_status":"closed","ping_status":"closed","sticky":false,"template":"","format":"standard","meta":{"footnotes":""},"categories":[1],"tags":[],"class_list":["post-5722","post","type-post","status-publish","format-standard","hentry","category-non-classe"],"_links":{"self":[{"href":"https:\/\/sites.ffkarate.fr\/hautsdeseine\/wp-json\/wp\/v2\/posts\/5722","targetHints":{"allow":["GET"]}}],"collection":[{"href":"https:\/\/sites.ffkarate.fr\/hautsdeseine\/wp-json\/wp\/v2\/posts"}],"about":[{"href":"https:\/\/sites.ffkarate.fr\/hautsdeseine\/wp-json\/wp\/v2\/types\/post"}],"author":[{"embeddable":true,"href":"https:\/\/sites.ffkarate.fr\/hautsdeseine\/wp-json\/wp\/v2\/users\/87"}],"replies":[{"embeddable":true,"href":"https:\/\/sites.ffkarate.fr\/hautsdeseine\/wp-json\/wp\/v2\/comments?post=5722"}],"version-history":[{"count":0,"href":"https:\/\/sites.ffkarate.fr\/hautsdeseine\/wp-json\/wp\/v2\/posts\/5722\/revisions"}],"wp:featuredmedia":[{"embeddable":true,"href":"https:\/\/sites.ffkarate.fr\/hautsdeseine\/wp-json\/wp\/v2\/media\/5716"}],"wp:attachment":[{"href":"https:\/\/sites.ffkarate.fr\/hautsdeseine\/wp-json\/wp\/v2\/media?parent=5722"}],"wp:term":[{"taxonomy":"category","embeddable":true,"href":"https:\/\/sites.ffkarate.fr\/hautsdeseine\/wp-json\/wp\/v2\/categories?post=5722"},{"taxonomy":"post_tag","embeddable":true,"href":"https:\/\/sites.ffkarate.fr\/hautsdeseine\/wp-json\/wp\/v2\/tags?post=5722"}],"curies":[{"name":"wp","href":"https:\/\/api.w.org\/{rel}","templated":true}]}}