{"id":5728,"date":"2018-10-09T09:20:35","date_gmt":"2018-10-09T07:20:35","guid":{"rendered":"https:\/\/sites.ffkarate.fr\/hautsdeseine\/?post_type=news&amp;p=5728"},"modified":"2018-10-09T09:20:35","modified_gmt":"2018-10-09T07:20:35","slug":"video-de-lentrainement-combat-elite-jeunes","status":"publish","type":"post","link":"https:\/\/sites.ffkarate.fr\/hautsdeseine\/2018\/10\/09\/video-de-lentrainement-combat-elite-jeunes\/","title":{"rendered":"Vid\u00e9o de l&rsquo;Entrainement Combat Elite Jeunes"},"content":{"rendered":"<div class=\"wpb-content-wrapper\"><p>[vc_row][vc_column][vc_column_text]Retour en vid\u00e9o sur l\u2019<strong>Entra\u00eenement Combat \u00c9lite Jeunes<\/strong> du<strong> dimanche 7 Octobre 2018<\/strong> \u00e0 <strong>Courbevoie<\/strong>.<\/p>\n<p><!--more--><\/p>\n<p>Entra\u00eenement pour les pupilles et benjamins dirig\u00e9 par <strong>Yann RETORY<\/strong>. Une vingtaine de comp\u00e9titeurs \u00e9taient pr\u00e9sents \u00e0 cet entra\u00eenement sur le th\u00e8me des attaques.<\/p>\n<p>Rendez-vous au prochain entra\u00eenement qui aura lieu le <strong>dimanche 25 novembre 2018<\/strong>.<\/p>\n<p><iframe loading=\"lazy\" title=\"Entra\u00eenement Combat \u00c9lite Jeunes PUP\/BEN 92\" width=\"500\" height=\"281\" src=\"https:\/\/www.youtube.com\/embed\/2HGKpW0PEhw?feature=oembed\" frameborder=\"0\" allow=\"accelerometer; autoplay; clipboard-write; encrypted-media; gyroscope; picture-in-picture; web-share\" referrerpolicy=\"strict-origin-when-cross-origin\" allowfullscreen><\/iframe>[\/vc_column_text][\/vc_column][\/vc_row][vc_row][vc_column][vc_column_text][\/vc_column_text][\/vc_column][\/vc_row][vc_row][vc_column][vc_column_text]1539069603[\/vc_column_text][\/vc_column][\/vc_row]<\/p>\n<\/div>","protected":false},"excerpt":{"rendered":"<p>[vc_row][vc_column][vc_column_text]Retour en vid\u00e9o sur l\u2019Entra\u00eenement Combat \u00c9lite Jeunes du dimanche 7 Octobre 2018 \u00e0 Courbevoie.<\/p>\n","protected":false},"author":87,"featured_media":5712,"comment_status":"closed","ping_status":"closed","sticky":false,"template":"","format":"standard","meta":{"footnotes":""},"categories":[1],"tags":[],"class_list":["post-5728","post","type-post","status-publish","format-standard","hentry","category-non-classe"],"_links":{"self":[{"href":"https:\/\/sites.ffkarate.fr\/hautsdeseine\/wp-json\/wp\/v2\/posts\/5728","targetHints":{"allow":["GET"]}}],"collection":[{"href":"https:\/\/sites.ffkarate.fr\/hautsdeseine\/wp-json\/wp\/v2\/posts"}],"about":[{"href":"https:\/\/sites.ffkarate.fr\/hautsdeseine\/wp-json\/wp\/v2\/types\/post"}],"author":[{"embeddable":true,"href":"https:\/\/sites.ffkarate.fr\/hautsdeseine\/wp-json\/wp\/v2\/users\/87"}],"replies":[{"embeddable":true,"href":"https:\/\/sites.ffkarate.fr\/hautsdeseine\/wp-json\/wp\/v2\/comments?post=5728"}],"version-history":[{"count":0,"href":"https:\/\/sites.ffkarate.fr\/hautsdeseine\/wp-json\/wp\/v2\/posts\/5728\/revisions"}],"wp:featuredmedia":[{"embeddable":true,"href":"https:\/\/sites.ffkarate.fr\/hautsdeseine\/wp-json\/wp\/v2\/media\/5712"}],"wp:attachment":[{"href":"https:\/\/sites.ffkarate.fr\/hautsdeseine\/wp-json\/wp\/v2\/media?parent=5728"}],"wp:term":[{"taxonomy":"category","embeddable":true,"href":"https:\/\/sites.ffkarate.fr\/hautsdeseine\/wp-json\/wp\/v2\/categories?post=5728"},{"taxonomy":"post_tag","embeddable":true,"href":"https:\/\/sites.ffkarate.fr\/hautsdeseine\/wp-json\/wp\/v2\/tags?post=5728"}],"curies":[{"name":"wp","href":"https:\/\/api.w.org\/{rel}","templated":true}]}}