{"id":5801,"date":"2018-10-15T20:32:05","date_gmt":"2018-10-15T18:32:05","guid":{"rendered":"https:\/\/sites.ffkarate.fr\/hautsdeseine\/?post_type=news&amp;p=5801"},"modified":"2018-10-15T20:32:05","modified_gmt":"2018-10-15T18:32:05","slug":"karate-one-tokyo","status":"publish","type":"post","link":"https:\/\/sites.ffkarate.fr\/hautsdeseine\/2018\/10\/15\/karate-one-tokyo\/","title":{"rendered":"KARATE ONE &#8211; TOKYO"},"content":{"rendered":"<div class=\"wpb-content-wrapper\"><p>[vc_row][vc_column][vc_column_text]Du\u00a0<strong>vendredi 12<\/strong>\u00a0au<strong>\u00a0dimanche 14 octobre 2108,\u00a0<\/strong>avait lieu\u00a0l&rsquo;\u00e9preuve du\u00a0<strong>KARATE ONE<\/strong>\u00a0\u00e0 Tokyo.<!--more--><\/p>\n<p><strong>3\u00e8me\u00a0place :<\/strong><\/p>\n<ul>\n<li><strong>Yli\u00e8s KLOUZ\u00a0<\/strong>(<em>CSMPuteaux<\/em>) &#8211; S\u00e9nior masculin +84kg<\/li>\n<\/ul>\n<p>F\u00e9licitation \u00e0 Ily\u00e8s, comp\u00e9titeur du\u00a0D\u00e9partement des Hauts-de-Seine\u00a0et de la ville de\u00a0Puteaux\u00a0pour sa tr\u00e8s belle performance !! On le retrouvera aux championnats du Monde en \u00e9quipe !!<\/p>\n<p><a href=\"https:\/\/sites.ffkarate.fr\/hautsdeseine\/wp-content\/uploads\/sites\/57\/2018\/10\/20181014_KARATE_1_Tokyo_Ilyes_KLOUZ_3eme.jpg\"><img decoding=\"async\" class=\"aligncenter wp-image-5798\" src=\"https:\/\/sites.ffkarate.fr\/hautsdeseine\/wp-content\/uploads\/sites\/57\/2018\/10\/20181014_KARATE_1_Tokyo_Ilyes_KLOUZ_3eme.jpg\" alt=\"20181014_KARATE_1_Tokyo_Ilyes_KLOUZ_3eme\" width=\"600\" height=\"399\" \/><\/a><\/p>\n<p style=\"text-align: center\"><span class=\"_5mfr\">Photo :\u00a0<\/span>Denis Boulanger \/ FFK<\/p>\n<p>[\/vc_column_text][\/vc_column][\/vc_row]<\/p>\n<\/div>","protected":false},"excerpt":{"rendered":"<p>[vc_row][vc_column][vc_column_text]Du\u00a0vendredi 12\u00a0au\u00a0dimanche 14 octobre 2108,\u00a0avait lieu\u00a0l&rsquo;\u00e9preuve du\u00a0KARATE ONE\u00a0\u00e0 Tokyo.<\/p>\n","protected":false},"author":87,"featured_media":5798,"comment_status":"closed","ping_status":"closed","sticky":false,"template":"","format":"standard","meta":{"footnotes":""},"categories":[1],"tags":[],"class_list":["post-5801","post","type-post","status-publish","format-standard","hentry","category-non-classe"],"_links":{"self":[{"href":"https:\/\/sites.ffkarate.fr\/hautsdeseine\/wp-json\/wp\/v2\/posts\/5801","targetHints":{"allow":["GET"]}}],"collection":[{"href":"https:\/\/sites.ffkarate.fr\/hautsdeseine\/wp-json\/wp\/v2\/posts"}],"about":[{"href":"https:\/\/sites.ffkarate.fr\/hautsdeseine\/wp-json\/wp\/v2\/types\/post"}],"author":[{"embeddable":true,"href":"https:\/\/sites.ffkarate.fr\/hautsdeseine\/wp-json\/wp\/v2\/users\/87"}],"replies":[{"embeddable":true,"href":"https:\/\/sites.ffkarate.fr\/hautsdeseine\/wp-json\/wp\/v2\/comments?post=5801"}],"version-history":[{"count":0,"href":"https:\/\/sites.ffkarate.fr\/hautsdeseine\/wp-json\/wp\/v2\/posts\/5801\/revisions"}],"wp:featuredmedia":[{"embeddable":true,"href":"https:\/\/sites.ffkarate.fr\/hautsdeseine\/wp-json\/wp\/v2\/media\/5798"}],"wp:attachment":[{"href":"https:\/\/sites.ffkarate.fr\/hautsdeseine\/wp-json\/wp\/v2\/media?parent=5801"}],"wp:term":[{"taxonomy":"category","embeddable":true,"href":"https:\/\/sites.ffkarate.fr\/hautsdeseine\/wp-json\/wp\/v2\/categories?post=5801"},{"taxonomy":"post_tag","embeddable":true,"href":"https:\/\/sites.ffkarate.fr\/hautsdeseine\/wp-json\/wp\/v2\/tags?post=5801"}],"curies":[{"name":"wp","href":"https:\/\/api.w.org\/{rel}","templated":true}]}}