{"id":5806,"date":"2018-10-16T08:19:16","date_gmt":"2018-10-16T06:19:16","guid":{"rendered":"https:\/\/sites.ffkarate.fr\/hautsdeseine\/?post_type=news&amp;p=5806"},"modified":"2018-10-16T08:19:16","modified_gmt":"2018-10-16T06:19:16","slug":"stage-departemental-avec-bernard-bilicki","status":"publish","type":"post","link":"https:\/\/sites.ffkarate.fr\/hautsdeseine\/2018\/10\/16\/stage-departemental-avec-bernard-bilicki\/","title":{"rendered":"Stage d\u00e9partemental avec Bernard BILICKI"},"content":{"rendered":"<div class=\"wpb-content-wrapper\"><p>[vc_row][vc_column][vc_column_text]Le\u00a0<span style=\"color: #1423a0\"><strong>samedi\u00a0 24 novembre 2018<\/strong><\/span>, la commission Karat\u00e9 Jutsu \u00a0du Comit\u00e9 D\u00e9partemental de Karat\u00e9 des Hauts-De-Seine par l&rsquo;interm\u00e9diaire de son responsable\u00a0<strong>Christophe CABIRAN<\/strong>\u00a0organise un stage de\u00a0<span style=\"color: #1423a0\"><strong>Karat\u00e9\u00a0<\/strong><strong>D\u00e9fense Training<\/strong><\/span>\u00a0avec\u00a0<span style=\"color: #1423a0\"><strong>Bernard BILICKI<\/strong><\/span>\u00a0(<em>9\u00e8me dan &#8211; Expert F\u00e9d\u00e9ral<\/em>) \u00e0 <strong>Courbevoie<\/strong>.<\/p>\n<p><!--more--><\/p>\n<p><strong>Stage ouvert \u00e0 tous\u00a0<span style=\"text-decoration: underline\">\u00e0 partir de 13 ans<\/span>. Une participation de 10\u20ac sera demand\u00e9e \u00e0 chaque personne se joignant au stage.<\/strong><\/p>\n<p>La participation au stage permet l&rsquo;acquisition d&rsquo;<span style=\"color: #dc2d5a\"><strong>un point de bonification<\/strong><\/span>\u00a0pour les passages de grades.<\/p>\n<p><span style=\"color: #dc2d5a\"><strong>Adresse :<\/strong><\/span><br \/>\nGymnase Jean-Blot<br \/>\nDojo Karat\u00e9<br \/>\n21, rue Pierre Brossolette<br \/>\n92 400 Courbevoie<\/p>\n<p><span style=\"color: #dc2d5a\"><strong>Renseignements :<\/strong><\/span><br \/>\n<strong>Christophe CABIRAN<\/strong><br \/>\nTel : 07 61 00 47 76<br \/>\nE-mail :\u00a0<span style=\"color: #1423a0\"><strong><a style=\"color: #1423a0\" href=\"mailto:christophecabiran@yahoo.fr\">christophecabiran@yahoo.fr<\/a><\/strong><b><\/b><\/span><\/p>\n<p><span style=\"color: #003366\"><strong><span style=\"color: #1423a0\"><a style=\"color: #1423a0\" title=\"Affiche du stage au format PDF\" href=\"https:\/\/sites.ffkarate.fr\/hautsdeseine\/wp-content\/uploads\/sites\/57\/2018\/10\/20181124_Stage_BILICKI_Affiche_V1.0.pdf\" target=\"_blank\" rel=\"noopener\">Affiche du stage au format PDF<\/a>\u00a0\u2b05\u00a0<\/span><\/strong><span style=\"color: #000000\">Cliquez sur ce lien<\/span><\/span><\/p>\n<p style=\"text-align: center\"><a href=\"https:\/\/sites.ffkarate.fr\/hautsdeseine\/wp-content\/uploads\/sites\/57\/2018\/10\/20181124_Stage_BILICKI_Affiche_V1.0.png\"><img decoding=\"async\" class=\"alignnone size-large wp-image-5803\" src=\"https:\/\/sites.ffkarate.fr\/hautsdeseine\/wp-content\/uploads\/sites\/57\/2018\/10\/20181124_Stage_BILICKI_Affiche_V1.0-727x1024.png\" alt=\"20181124_Stage_BILICKI_Affiche_V1.0\" width=\"640\" height=\"901\" \/><\/a><\/p>\n<p>[\/vc_column_text][\/vc_column][\/vc_row]<\/p>\n<\/div>","protected":false},"excerpt":{"rendered":"<p>[vc_row][vc_column][vc_column_text]Le\u00a0samedi\u00a0 24 novembre 2018, la commission Karat\u00e9 Jutsu \u00a0du Comit\u00e9 D\u00e9partemental de Karat\u00e9 des Hauts-De-Seine par l&rsquo;interm\u00e9diaire de son responsable\u00a0Christophe CABIRAN\u00a0organise un stage de\u00a0Karat\u00e9\u00a0D\u00e9fense Training\u00a0avec\u00a0Bernard BILICKI\u00a0(9\u00e8me dan &#8211; Expert F\u00e9d\u00e9ral) \u00e0 Courbevoie.<\/p>\n","protected":false},"author":87,"featured_media":5803,"comment_status":"closed","ping_status":"closed","sticky":false,"template":"","format":"standard","meta":{"footnotes":""},"categories":[1],"tags":[],"class_list":["post-5806","post","type-post","status-publish","format-standard","hentry","category-non-classe"],"_links":{"self":[{"href":"https:\/\/sites.ffkarate.fr\/hautsdeseine\/wp-json\/wp\/v2\/posts\/5806","targetHints":{"allow":["GET"]}}],"collection":[{"href":"https:\/\/sites.ffkarate.fr\/hautsdeseine\/wp-json\/wp\/v2\/posts"}],"about":[{"href":"https:\/\/sites.ffkarate.fr\/hautsdeseine\/wp-json\/wp\/v2\/types\/post"}],"author":[{"embeddable":true,"href":"https:\/\/sites.ffkarate.fr\/hautsdeseine\/wp-json\/wp\/v2\/users\/87"}],"replies":[{"embeddable":true,"href":"https:\/\/sites.ffkarate.fr\/hautsdeseine\/wp-json\/wp\/v2\/comments?post=5806"}],"version-history":[{"count":0,"href":"https:\/\/sites.ffkarate.fr\/hautsdeseine\/wp-json\/wp\/v2\/posts\/5806\/revisions"}],"wp:featuredmedia":[{"embeddable":true,"href":"https:\/\/sites.ffkarate.fr\/hautsdeseine\/wp-json\/wp\/v2\/media\/5803"}],"wp:attachment":[{"href":"https:\/\/sites.ffkarate.fr\/hautsdeseine\/wp-json\/wp\/v2\/media?parent=5806"}],"wp:term":[{"taxonomy":"category","embeddable":true,"href":"https:\/\/sites.ffkarate.fr\/hautsdeseine\/wp-json\/wp\/v2\/categories?post=5806"},{"taxonomy":"post_tag","embeddable":true,"href":"https:\/\/sites.ffkarate.fr\/hautsdeseine\/wp-json\/wp\/v2\/tags?post=5806"}],"curies":[{"name":"wp","href":"https:\/\/api.w.org\/{rel}","templated":true}]}}