{"id":5944,"date":"2018-11-08T08:33:41","date_gmt":"2018-11-08T07:33:41","guid":{"rendered":"https:\/\/sites.ffkarate.fr\/hautsdeseine\/?post_type=news&amp;p=5944"},"modified":"2018-11-08T08:33:41","modified_gmt":"2018-11-08T07:33:41","slug":"stage-de-self-defense-avec-jose-lobo1","status":"publish","type":"post","link":"https:\/\/sites.ffkarate.fr\/hautsdeseine\/2018\/11\/08\/stage-de-self-defense-avec-jose-lobo1\/","title":{"rendered":"Stage de Self D\u00e9fense avec Jos\u00e9 LOBO"},"content":{"rendered":"<div class=\"wpb-content-wrapper\"><p>[vc_row][vc_column][vc_column_text]L&rsquo;<strong>Ecole de Karat\u00e9 Shokotan de Bourg-La-Reine<\/strong>\u00a0organise un stage de self-d\u00e9fense\u00a0anim\u00e9 par\u00a0<strong>Jos\u00e9 LOBO<\/strong>\u00a0(<em>6\u00e8me dan \u2013\u00a0enseignant certifi\u00e9 Self-D\u00e9fense<\/em>) assist\u00e9 de\u00a0<strong>Jean-Louis FOURCADET<\/strong>\u00a0(<em>enseignant certifi\u00e9 Self-D\u00e9fense<\/em>), le\u00a0<strong>jeudi 13 d\u00e9cembre 2018<\/strong>\u00a0\u00e0\u00a0<strong>20h00<\/strong>.<!--more--><\/p>\n<p><strong>Stage ouvert \u00e0\u00a0tout public<\/strong>. Une participation de\u00a0<strong>15\u00a0\u20ac<\/strong>\u00a0sera demand\u00e9e \u00e0 chaque personne\u00a0se joignant au stage.<\/p>\n<p><span style=\"color: #dc2d5a\"><strong>Adresse \u00a0:<\/strong><\/span><br \/>\nGymnase des\u00a0Bas Coquarts<br \/>\n8 avenue de Montrouge<br \/>\n92 340 Bourg-La-Reine<\/p>\n<p><span style=\"color: #dc2d5a\"><strong>Renseignements :<\/strong><\/span><br \/>\n<span style=\"color: #003366\"><strong><span style=\"color: #000000\">Jos\u00e9 LOBO<\/span><\/strong><br \/>\n<span style=\"color: #000000\">Tel :\u00a006 95 06 97 02<\/span><br \/>\n<span style=\"color: #000000\">Mail :\u00a0<span style=\"color: #1423a0\"><strong><a style=\"color: #1423a0\" href=\"mailto:gilles.asbrkarate@free.fr\" target=\"_blank\" rel=\"noopener\">gilles.asbrkarate@free.fr<\/a><\/strong><\/span><\/span><strong><br \/>\n<\/strong><\/span><\/p>\n<p><span style=\"color: #003366\"><strong><span style=\"color: #1423a0\"><a style=\"color: #1423a0\" href=\"https:\/\/sites.ffkarate.fr\/hautsdeseine\/wp-content\/uploads\/sites\/57\/2018\/11\/20181213_Stage_LOBO_Affiche_V1.0.pdf\" target=\"_blank\" rel=\"noopener\">Affiche du stage au format PDF<\/a><\/span><\/strong>\u00a0<span style=\"color: #000000\"><span style=\"color: #003366\">\u00a0\u2b05\u00a0Cliquez sur ce lien<\/span><\/span><\/span><\/p>\n<p style=\"text-align: center\"><a href=\"https:\/\/sites.ffkarate.fr\/hautsdeseine\/wp-content\/uploads\/sites\/57\/2018\/11\/20181213_Stage_LOBO_Affiche_V1.0.png\"><img decoding=\"async\" class=\"alignnone wp-image-5939\" src=\"https:\/\/sites.ffkarate.fr\/hautsdeseine\/wp-content\/uploads\/sites\/57\/2018\/11\/20181213_Stage_LOBO_Affiche_V1.0.png\" alt=\"20181213_Stage_LOBO_Affiche_V1.0\" width=\"600\" height=\"776\" \/><\/a><\/p>\n<p>[\/vc_column_text][\/vc_column][\/vc_row]<\/p>\n<\/div>","protected":false},"excerpt":{"rendered":"<p>[vc_row][vc_column][vc_column_text]L&rsquo;Ecole de Karat\u00e9 Shokotan de Bourg-La-Reine\u00a0organise un stage de self-d\u00e9fense\u00a0anim\u00e9 par\u00a0Jos\u00e9 LOBO\u00a0(6\u00e8me dan \u2013\u00a0enseignant certifi\u00e9 Self-D\u00e9fense) assist\u00e9 de\u00a0Jean-Louis FOURCADET\u00a0(enseignant certifi\u00e9 Self-D\u00e9fense), le\u00a0jeudi 13 d\u00e9cembre 2018\u00a0\u00e0\u00a020h00.<\/p>\n","protected":false},"author":87,"featured_media":5939,"comment_status":"closed","ping_status":"closed","sticky":false,"template":"","format":"standard","meta":{"footnotes":""},"categories":[1],"tags":[],"class_list":["post-5944","post","type-post","status-publish","format-standard","hentry","category-non-classe"],"_links":{"self":[{"href":"https:\/\/sites.ffkarate.fr\/hautsdeseine\/wp-json\/wp\/v2\/posts\/5944","targetHints":{"allow":["GET"]}}],"collection":[{"href":"https:\/\/sites.ffkarate.fr\/hautsdeseine\/wp-json\/wp\/v2\/posts"}],"about":[{"href":"https:\/\/sites.ffkarate.fr\/hautsdeseine\/wp-json\/wp\/v2\/types\/post"}],"author":[{"embeddable":true,"href":"https:\/\/sites.ffkarate.fr\/hautsdeseine\/wp-json\/wp\/v2\/users\/87"}],"replies":[{"embeddable":true,"href":"https:\/\/sites.ffkarate.fr\/hautsdeseine\/wp-json\/wp\/v2\/comments?post=5944"}],"version-history":[{"count":0,"href":"https:\/\/sites.ffkarate.fr\/hautsdeseine\/wp-json\/wp\/v2\/posts\/5944\/revisions"}],"wp:featuredmedia":[{"embeddable":true,"href":"https:\/\/sites.ffkarate.fr\/hautsdeseine\/wp-json\/wp\/v2\/media\/5939"}],"wp:attachment":[{"href":"https:\/\/sites.ffkarate.fr\/hautsdeseine\/wp-json\/wp\/v2\/media?parent=5944"}],"wp:term":[{"taxonomy":"category","embeddable":true,"href":"https:\/\/sites.ffkarate.fr\/hautsdeseine\/wp-json\/wp\/v2\/categories?post=5944"},{"taxonomy":"post_tag","embeddable":true,"href":"https:\/\/sites.ffkarate.fr\/hautsdeseine\/wp-json\/wp\/v2\/tags?post=5944"}],"curies":[{"name":"wp","href":"https:\/\/api.w.org\/{rel}","templated":true}]}}