{"id":5966,"date":"2018-11-16T08:38:33","date_gmt":"2018-11-16T07:38:33","guid":{"rendered":"https:\/\/sites.ffkarate.fr\/hautsdeseine\/?post_type=news&amp;p=5966"},"modified":"2018-11-16T08:38:33","modified_gmt":"2018-11-16T07:38:33","slug":"entrainement-elite-pupben-2","status":"publish","type":"post","link":"https:\/\/sites.ffkarate.fr\/hautsdeseine\/2018\/11\/16\/entrainement-elite-pupben-2\/","title":{"rendered":"Entrainement Elite PUP\/BEN"},"content":{"rendered":"<div class=\"wpb-content-wrapper\"><p>[vc_row][vc_column][vc_column_text]\u26a0\u00a0<strong>Modification du lieu<\/strong>\u00a0\u26a0<\/p>\n<p>L&rsquo;entrainement se d\u00e9roulera \u00e0 Gennevilliers et non Courbevoie comme initialement pr\u00e9vu.<br \/>\n<!--more--><\/p>\n<p>Le <strong>dimanche 25 novembre 2018<\/strong> aura lieu le prochain\u00a0entra\u00eenement commun d\u00e9partemental\u00a0jeunes dispens\u00e9 par\u00a0<strong>Yann RETORY<\/strong>\u00a0(double vainqueur\u00a0du championnat de\u00a0France s\u00e9niors honneur, multiple champion des Hauts de Seine).<\/p>\n<p>Les entra\u00eenements sont ouverts aux<strong>\u00a0pupilles<\/strong>\u00a0et<strong>\u00a0benjamins.<\/strong>\u00a0Les entra\u00eenements sont ouverts \u00e0 tout enfant d\u00e9sirant faire de la comp\u00e9tition.<\/p>\n<p><span style=\"color: #1423a0\"><strong><a style=\"color: #1423a0\" href=\"https:\/\/sites.ffkarate.fr\/hautsdeseine\/wp-content\/uploads\/sites\/57\/2018\/11\/2018-2019_ECD92_Enfants_Affiche_V1.1.pdf\" target=\"_blank\" rel=\"noopener\">Affiche V1.1 au format PDF (M\u00e0J le 16\/11\/2018)<\/a><\/strong><\/span>\u00a0\u2b05\u00a0Cliquez sur ce lien<\/p>\n<p><a href=\"https:\/\/sites.ffkarate.fr\/hautsdeseine\/wp-content\/uploads\/sites\/57\/2018\/11\/2018-2019_ECD92_Enfants_Affiche_V1.1.jpg\"><img decoding=\"async\" class=\" wp-image-5962 aligncenter\" src=\"https:\/\/sites.ffkarate.fr\/hautsdeseine\/wp-content\/uploads\/sites\/57\/2018\/11\/2018-2019_ECD92_Enfants_Affiche_V1.1-791x1024.jpg\" alt=\"2018-2019_ECD92_Enfants_Affiche_V1.1\" width=\"600\" height=\"776\" \/><\/a>[\/vc_column_text][\/vc_column][\/vc_row]<\/p>\n<\/div>","protected":false},"excerpt":{"rendered":"<p>[vc_row][vc_column][vc_column_text]\u26a0\u00a0Modification du lieu\u00a0\u26a0 L&rsquo;entrainement se d\u00e9roulera \u00e0 Gennevilliers et non Courbevoie comme initialement pr\u00e9vu.<\/p>\n","protected":false},"author":87,"featured_media":5962,"comment_status":"closed","ping_status":"closed","sticky":false,"template":"","format":"standard","meta":{"footnotes":""},"categories":[1],"tags":[],"class_list":["post-5966","post","type-post","status-publish","format-standard","hentry","category-non-classe"],"_links":{"self":[{"href":"https:\/\/sites.ffkarate.fr\/hautsdeseine\/wp-json\/wp\/v2\/posts\/5966","targetHints":{"allow":["GET"]}}],"collection":[{"href":"https:\/\/sites.ffkarate.fr\/hautsdeseine\/wp-json\/wp\/v2\/posts"}],"about":[{"href":"https:\/\/sites.ffkarate.fr\/hautsdeseine\/wp-json\/wp\/v2\/types\/post"}],"author":[{"embeddable":true,"href":"https:\/\/sites.ffkarate.fr\/hautsdeseine\/wp-json\/wp\/v2\/users\/87"}],"replies":[{"embeddable":true,"href":"https:\/\/sites.ffkarate.fr\/hautsdeseine\/wp-json\/wp\/v2\/comments?post=5966"}],"version-history":[{"count":0,"href":"https:\/\/sites.ffkarate.fr\/hautsdeseine\/wp-json\/wp\/v2\/posts\/5966\/revisions"}],"wp:featuredmedia":[{"embeddable":true,"href":"https:\/\/sites.ffkarate.fr\/hautsdeseine\/wp-json\/wp\/v2\/media\/5962"}],"wp:attachment":[{"href":"https:\/\/sites.ffkarate.fr\/hautsdeseine\/wp-json\/wp\/v2\/media?parent=5966"}],"wp:term":[{"taxonomy":"category","embeddable":true,"href":"https:\/\/sites.ffkarate.fr\/hautsdeseine\/wp-json\/wp\/v2\/categories?post=5966"},{"taxonomy":"post_tag","embeddable":true,"href":"https:\/\/sites.ffkarate.fr\/hautsdeseine\/wp-json\/wp\/v2\/tags?post=5966"}],"curies":[{"name":"wp","href":"https:\/\/api.w.org\/{rel}","templated":true}]}}