{"id":5991,"date":"2018-11-19T22:30:48","date_gmt":"2018-11-19T21:30:48","guid":{"rendered":"https:\/\/sites.ffkarate.fr\/hautsdeseine\/?post_type=news&amp;p=5991"},"modified":"2018-11-19T22:30:48","modified_gmt":"2018-11-19T21:30:48","slug":"coupe-de-france-combats-seniors-ind-equipes","status":"publish","type":"post","link":"https:\/\/sites.ffkarate.fr\/hautsdeseine\/2018\/11\/19\/coupe-de-france-combats-seniors-ind-equipes\/","title":{"rendered":"Coupe de France Combats S\u00e9niors ind &amp; \u00e9quipes"},"content":{"rendered":"<div class=\"wpb-content-wrapper\"><p>[vc_row][vc_column][vc_column_text]Le\u00a0<b>samedi\u00a017 et dimanche 18 novembre\u00a0<\/b><strong>2018,\u00a0<\/strong>avait lieu\u00a0la <b>Coupe de France Combats S\u00e9niors en individuels et par \u00e9quipes\u00a0<\/b>\u00a0\u00e0 La Halle Carpentier (75).<\/p>\n<p><!--more--><\/p>\n<p><strong>1\u00e8re place :\u00a0<\/strong><\/p>\n<ul>\n<li><strong>Sally DIOP\u00a0<\/strong>(<em>CSMPuteaux<\/em>) &#8211;\u00a0S\u00e9nior masculin\u00a0-84kg<\/li>\n<\/ul>\n<p><strong>2\u00e8me place :<\/strong><\/p>\n<ul>\n<li><strong>Faten AISSA\u00a0<\/strong>(<em>CSMPuteaux<\/em>) &#8211;\u00a0S\u00e9nior f\u00e9minine -68kg<\/li>\n<\/ul>\n<p><strong>3\u00e8me place :<\/strong><\/p>\n<ul>\n<li><strong>Ily\u00e8s KLOUZ, Adrien GAUTIER, Micka\u00ebl SERFATI, Maxence DANIEL, Rabie\u00a0HOULLICH, Sally\u00a0DIOP et Sofiane ILLITEN\u00a0<\/strong>(<em>CSMPuteaux<\/em>) &#8211;\u00a0Equipe masculine<\/li>\n<li><strong>Flavie ROSSI\u00a0<\/strong>(<em>CSMPuteaux<\/em>) &#8211;\u00a0S\u00e9nior f\u00e9minine -50kg<\/li>\n<li><b>Micka\u00ebl\u00a0SERFATI\u00a0<\/b>(<em>CSMPuteaux<\/em>) &#8211; S\u00e9nior\u00a0masculin -84kg<\/li>\n<\/ul>\n<p><a style=\"color: #1423a0\" href=\"https:\/\/sites.ffkarate.fr\/hautsdeseine\/wp-content\/uploads\/sites\/57\/2018\/11\/20181117-18_COUPE_FRANCE_COMBATS_SENIORS_Resultats_V1.0.pdf\" target=\"_blank\" rel=\"noopener\"><b>R\u00e9sultats de la Coupe de France Combats s\u00e9niors individuels et par \u00e9quipes du samedi 17 et dimanche 18 novembre 2018<\/b><\/a>\u00a0\u00a0\u2b05\ufe0f\u00a0Cliquez sur ce lien<\/p>\n<p><a href=\"https:\/\/sites.ffkarate.fr\/hautsdeseine\/wp-content\/uploads\/sites\/57\/2018\/11\/0181117-18_COUPE_FRANCE_COMBATS_SENIORS_Sally_DIOP_1er_Mickael_SERFATI_3eme.jpg\"><img decoding=\"async\" class=\" wp-image-5986 aligncenter\" src=\"https:\/\/sites.ffkarate.fr\/hautsdeseine\/wp-content\/uploads\/sites\/57\/2018\/11\/0181117-18_COUPE_FRANCE_COMBATS_SENIORS_Sally_DIOP_1er_Mickael_SERFATI_3eme-1024x683.jpg\" alt=\"0181117-18_COUPE_FRANCE_COMBATS_SENIORS_Sally_DIOP_1er_Mickael_SERFATI_3eme\" width=\"600\" height=\"400\" \/><\/a><\/p>\n<p style=\"text-align: center\"><strong>Sally DIOP\u00a0<\/strong>(<em>CSMPuteaux<\/em>) &#8211;\u00a0<strong>1er<\/strong>\u00a0&#8211; et\u00a0<b>Micka\u00ebl\u00a0SERFATI<\/b>\u00a0(<em>2\u00e8me en partant de la droite sur la photo<\/em>) &#8211;\u00a0<strong>3\u00e8me<\/strong>\u00a0&#8211; S\u00e9nior masculin\u00a0-84kg<\/p>\n<p style=\"text-align: center\">\ud83d\udcf7\u00a0:\u00a0<em>Denis BOULANGER \/ FFK<\/em><\/p>\n<p><a href=\"https:\/\/sites.ffkarate.fr\/hautsdeseine\/wp-content\/uploads\/sites\/57\/2018\/11\/0181117-18_COUPE_FRANCE_COMBATS_SENIORS_2eme_Faten_AISSA.jpg\"><img decoding=\"async\" class=\" wp-image-5988 aligncenter\" src=\"https:\/\/sites.ffkarate.fr\/hautsdeseine\/wp-content\/uploads\/sites\/57\/2018\/11\/0181117-18_COUPE_FRANCE_COMBATS_SENIORS_2eme_Faten_AISSA-1024x683.jpg\" alt=\"0181117-18_COUPE_FRANCE_COMBATS_SENIORS_2eme_Faten_AISSA\" width=\"600\" height=\"400\" \/><\/a><\/p>\n<p style=\"text-align: center\"><strong>Faten AISSA\u00a0<\/strong>(<em>CSMPuteaux<\/em>) &#8211; 2\u00e8me &#8211; S\u00e9nior f\u00e9minine -68kg<\/p>\n<p style=\"text-align: center\">\ud83d\udcf7\u00a0:\u00a0<em>Denis BOULANGER \/ FFK<\/em><\/p>\n<p><a href=\"https:\/\/sites.ffkarate.fr\/hautsdeseine\/wp-content\/uploads\/sites\/57\/2018\/11\/20181117-18_COUPE_FRANCE_COMBATS_SENIORS_Flavie_ROSSI_3eme.jpg\"><img decoding=\"async\" class=\" wp-image-5987 aligncenter\" src=\"https:\/\/sites.ffkarate.fr\/hautsdeseine\/wp-content\/uploads\/sites\/57\/2018\/11\/20181117-18_COUPE_FRANCE_COMBATS_SENIORS_Flavie_ROSSI_3eme-1024x683.jpg\" alt=\"20181117-18_COUPE_FRANCE_COMBATS_SENIORS_Flavie_ROSSI_3eme\" width=\"600\" height=\"400\" \/><\/a><\/p>\n<p style=\"text-align: center\"><strong>Flavie ROSSI\u00a0<\/strong>(<em>CSMPuteaux<\/em>) &#8211;\u00a0<strong>3\u00e8me<\/strong>\u00a0&#8211; S\u00e9nior f\u00e9minine -50kg<\/p>\n<p style=\"text-align: center\">\u00a0(<em>1\u00e8re en partant de la droite sur la photo<\/em>)<\/p>\n<p style=\"text-align: center\">\ud83d\udcf7\u00a0:\u00a0<em>Denis BOULANGER \/ FFK<\/em><\/p>\n<p style=\"text-align: center\"><a href=\"https:\/\/sites.ffkarate.fr\/hautsdeseine\/wp-content\/uploads\/sites\/57\/2018\/11\/0181117-18_COUPE_FRANCE_COMBATS_SENIORS_Equipe_masculine.jpg\"><img decoding=\"async\" class=\" wp-image-5985 aligncenter\" src=\"https:\/\/sites.ffkarate.fr\/hautsdeseine\/wp-content\/uploads\/sites\/57\/2018\/11\/0181117-18_COUPE_FRANCE_COMBATS_SENIORS_Equipe_masculine-1024x683.jpg\" alt=\"0181117-18_COUPE_FRANCE_COMBATS_SENIORS_Equipe_masculine\" width=\"600\" height=\"400\" \/><\/a><strong>Ily\u00e8s KLOUZ<\/strong>,<strong>\u00a0Adrien GAUTIER<\/strong>,<strong>\u00a0Micka\u00ebl SERFATI<\/strong>,<strong>\u00a0Maxence DANIEL<\/strong>,<strong>\u00a0Rabie\u00a0HOULLICH<\/strong>,<strong>\u00a0Sally\u00a0DIOP\u00a0<\/strong>et<strong>\u00a0Sofiane ILLITEN\u00a0<\/strong>(<em>CSMPuteaux<\/em>) &#8211;\u00a0Equipe masculine<\/p>\n<p style=\"text-align: center\">\u00a0(<em>1\u00e8re \u00e9quipe en partant de la droite sur la photo<\/em>)<\/p>\n<p style=\"text-align: center\">\ud83d\udcf7\u00a0:\u00a0<em>Denis BOULANGER \/ FFK<\/em><\/p>\n<p>[\/vc_column_text][\/vc_column][\/vc_row]<\/p>\n<\/div>","protected":false},"excerpt":{"rendered":"<p>[vc_row][vc_column][vc_column_text]Le\u00a0samedi\u00a017 et dimanche 18 novembre\u00a02018,\u00a0avait lieu\u00a0la Coupe de France Combats S\u00e9niors en individuels et par \u00e9quipes\u00a0\u00a0\u00e0 La Halle Carpentier (75).<\/p>\n","protected":false},"author":87,"featured_media":5986,"comment_status":"closed","ping_status":"closed","sticky":false,"template":"","format":"standard","meta":{"footnotes":""},"categories":[1],"tags":[],"class_list":["post-5991","post","type-post","status-publish","format-standard","hentry","category-non-classe"],"_links":{"self":[{"href":"https:\/\/sites.ffkarate.fr\/hautsdeseine\/wp-json\/wp\/v2\/posts\/5991","targetHints":{"allow":["GET"]}}],"collection":[{"href":"https:\/\/sites.ffkarate.fr\/hautsdeseine\/wp-json\/wp\/v2\/posts"}],"about":[{"href":"https:\/\/sites.ffkarate.fr\/hautsdeseine\/wp-json\/wp\/v2\/types\/post"}],"author":[{"embeddable":true,"href":"https:\/\/sites.ffkarate.fr\/hautsdeseine\/wp-json\/wp\/v2\/users\/87"}],"replies":[{"embeddable":true,"href":"https:\/\/sites.ffkarate.fr\/hautsdeseine\/wp-json\/wp\/v2\/comments?post=5991"}],"version-history":[{"count":0,"href":"https:\/\/sites.ffkarate.fr\/hautsdeseine\/wp-json\/wp\/v2\/posts\/5991\/revisions"}],"wp:featuredmedia":[{"embeddable":true,"href":"https:\/\/sites.ffkarate.fr\/hautsdeseine\/wp-json\/wp\/v2\/media\/5986"}],"wp:attachment":[{"href":"https:\/\/sites.ffkarate.fr\/hautsdeseine\/wp-json\/wp\/v2\/media?parent=5991"}],"wp:term":[{"taxonomy":"category","embeddable":true,"href":"https:\/\/sites.ffkarate.fr\/hautsdeseine\/wp-json\/wp\/v2\/categories?post=5991"},{"taxonomy":"post_tag","embeddable":true,"href":"https:\/\/sites.ffkarate.fr\/hautsdeseine\/wp-json\/wp\/v2\/tags?post=5991"}],"curies":[{"name":"wp","href":"https:\/\/api.w.org\/{rel}","templated":true}]}}