{"id":6024,"date":"2018-11-26T19:19:27","date_gmt":"2018-11-26T18:19:27","guid":{"rendered":"https:\/\/sites.ffkarate.fr\/hautsdeseine\/?post_type=news&amp;p=6024"},"modified":"2018-11-26T19:19:27","modified_gmt":"2018-11-26T18:19:27","slug":"photo-de-leed-jeunes-combats","status":"publish","type":"post","link":"https:\/\/sites.ffkarate.fr\/hautsdeseine\/2018\/11\/26\/photo-de-leed-jeunes-combats\/","title":{"rendered":"Photo de l&rsquo;EED Jeunes Combats"},"content":{"rendered":"<div class=\"wpb-content-wrapper\"><p>[vc_row][vc_column][vc_column_text]Plus d\u2019une trentaine de pupilles et benjamins pr\u00e9sents au second entra\u00eenement d\u00e9partemental, le <strong>dimanche 25 novembre 2018<\/strong> dispens\u00e9 par <strong>Yann RETORY<\/strong> sur le th\u00e8me des contres.<\/p>\n<p><!--more--><\/p>\n<p>Un bon entra\u00eenement de pr\u00e9paration avec des comp\u00e9titeurs motiv\u00e9s et s\u00e9rieux avant le tournoi des 36 communes qui aura lieu le dimanche 16 d\u00e9cembre a Colombes.<\/p>\n<p style=\"text-align: center\"><a href=\"https:\/\/sites.ffkarate.fr\/hautsdeseine\/wp-content\/uploads\/sites\/57\/2018\/11\/20181125_EEE92_Gennevilliers.jpg\"><img decoding=\"async\" class=\"alignnone wp-image-6022\" src=\"https:\/\/sites.ffkarate.fr\/hautsdeseine\/wp-content\/uploads\/sites\/57\/2018\/11\/20181125_EEE92_Gennevilliers-1024x502.jpg\" alt=\"20181125_EEE92_Gennevilliers\" width=\"600\" height=\"294\" \/><\/a><\/p>\n<p>[\/vc_column_text][\/vc_column][\/vc_row]<\/p>\n<\/div>","protected":false},"excerpt":{"rendered":"<p>[vc_row][vc_column][vc_column_text]Plus d\u2019une trentaine de pupilles et benjamins pr\u00e9sents au second entra\u00eenement d\u00e9partemental, le dimanche 25 novembre 2018 dispens\u00e9 par Yann RETORY sur le th\u00e8me des contres.<\/p>\n","protected":false},"author":87,"featured_media":6022,"comment_status":"closed","ping_status":"closed","sticky":false,"template":"","format":"standard","meta":{"footnotes":""},"categories":[1],"tags":[],"class_list":["post-6024","post","type-post","status-publish","format-standard","hentry","category-non-classe"],"_links":{"self":[{"href":"https:\/\/sites.ffkarate.fr\/hautsdeseine\/wp-json\/wp\/v2\/posts\/6024","targetHints":{"allow":["GET"]}}],"collection":[{"href":"https:\/\/sites.ffkarate.fr\/hautsdeseine\/wp-json\/wp\/v2\/posts"}],"about":[{"href":"https:\/\/sites.ffkarate.fr\/hautsdeseine\/wp-json\/wp\/v2\/types\/post"}],"author":[{"embeddable":true,"href":"https:\/\/sites.ffkarate.fr\/hautsdeseine\/wp-json\/wp\/v2\/users\/87"}],"replies":[{"embeddable":true,"href":"https:\/\/sites.ffkarate.fr\/hautsdeseine\/wp-json\/wp\/v2\/comments?post=6024"}],"version-history":[{"count":0,"href":"https:\/\/sites.ffkarate.fr\/hautsdeseine\/wp-json\/wp\/v2\/posts\/6024\/revisions"}],"wp:featuredmedia":[{"embeddable":true,"href":"https:\/\/sites.ffkarate.fr\/hautsdeseine\/wp-json\/wp\/v2\/media\/6022"}],"wp:attachment":[{"href":"https:\/\/sites.ffkarate.fr\/hautsdeseine\/wp-json\/wp\/v2\/media?parent=6024"}],"wp:term":[{"taxonomy":"category","embeddable":true,"href":"https:\/\/sites.ffkarate.fr\/hautsdeseine\/wp-json\/wp\/v2\/categories?post=6024"},{"taxonomy":"post_tag","embeddable":true,"href":"https:\/\/sites.ffkarate.fr\/hautsdeseine\/wp-json\/wp\/v2\/tags?post=6024"}],"curies":[{"name":"wp","href":"https:\/\/api.w.org\/{rel}","templated":true}]}}