{"id":6043,"date":"2018-12-04T08:38:58","date_gmt":"2018-12-04T07:38:58","guid":{"rendered":"https:\/\/sites.ffkarate.fr\/hautsdeseine\/?post_type=news&amp;p=6043"},"modified":"2018-12-04T08:38:58","modified_gmt":"2018-12-04T07:38:58","slug":"entrainement-departemental-de-karate-contact","status":"publish","type":"post","link":"https:\/\/sites.ffkarate.fr\/hautsdeseine\/2018\/12\/04\/entrainement-departemental-de-karate-contact\/","title":{"rendered":"Entra\u00eenement d\u00e9partemental de Karat\u00e9 Contact"},"content":{"rendered":"<div class=\"wpb-content-wrapper\"><p>[vc_row][vc_column][vc_column_text]Photo de l&rsquo;<strong>Entra\u00eenement D\u00e9partemental de Karat\u00e9 Contact<\/strong>\u00a0qui a eu lieu le <strong>samedi 1er d\u00e9cembre 2018<\/strong> \u00e0 Garches avec\u00a0<strong>Jean CARBONNIER<\/strong>\u00a0et\u00a0<strong>Francis PLANA<\/strong>.<\/p>\n<p><!--more--><\/p>\n<p>C&rsquo;est dans une excellente ambiance et beaucoup de transpiration, durant trois heures que les combattants ont perfectionn\u00e9 leurs techniques\u00a0! Bravo \u00e0 tous pour votre participation. Prochain rendez-vous le <strong>samedi 16 mars 2019<\/strong>.<\/p>\n<p style=\"text-align: center\"><a href=\"https:\/\/sites.ffkarate.fr\/hautsdeseine\/wp-content\/uploads\/sites\/57\/2018\/12\/20181201_EDKC_Garches_Photo_V1.0.jpg\"><img decoding=\"async\" class=\"alignnone wp-image-6039\" src=\"https:\/\/sites.ffkarate.fr\/hautsdeseine\/wp-content\/uploads\/sites\/57\/2018\/12\/20181201_EDKC_Garches_Photo_V1.0-1024x510.jpg\" alt=\"20181201_EDKC_Garches_Photo_V1.0\" width=\"600\" height=\"299\" \/><\/a><\/p>\n<p>[\/vc_column_text][\/vc_column][\/vc_row]<\/p>\n<\/div>","protected":false},"excerpt":{"rendered":"<p>[vc_row][vc_column][vc_column_text]Photo de l&rsquo;Entra\u00eenement D\u00e9partemental de Karat\u00e9 Contact\u00a0qui a eu lieu le samedi 1er d\u00e9cembre 2018 \u00e0 Garches avec\u00a0Jean CARBONNIER\u00a0et\u00a0Francis PLANA.<\/p>\n","protected":false},"author":87,"featured_media":6039,"comment_status":"closed","ping_status":"closed","sticky":false,"template":"","format":"standard","meta":{"footnotes":""},"categories":[1],"tags":[],"class_list":["post-6043","post","type-post","status-publish","format-standard","hentry","category-non-classe"],"_links":{"self":[{"href":"https:\/\/sites.ffkarate.fr\/hautsdeseine\/wp-json\/wp\/v2\/posts\/6043","targetHints":{"allow":["GET"]}}],"collection":[{"href":"https:\/\/sites.ffkarate.fr\/hautsdeseine\/wp-json\/wp\/v2\/posts"}],"about":[{"href":"https:\/\/sites.ffkarate.fr\/hautsdeseine\/wp-json\/wp\/v2\/types\/post"}],"author":[{"embeddable":true,"href":"https:\/\/sites.ffkarate.fr\/hautsdeseine\/wp-json\/wp\/v2\/users\/87"}],"replies":[{"embeddable":true,"href":"https:\/\/sites.ffkarate.fr\/hautsdeseine\/wp-json\/wp\/v2\/comments?post=6043"}],"version-history":[{"count":0,"href":"https:\/\/sites.ffkarate.fr\/hautsdeseine\/wp-json\/wp\/v2\/posts\/6043\/revisions"}],"wp:featuredmedia":[{"embeddable":true,"href":"https:\/\/sites.ffkarate.fr\/hautsdeseine\/wp-json\/wp\/v2\/media\/6039"}],"wp:attachment":[{"href":"https:\/\/sites.ffkarate.fr\/hautsdeseine\/wp-json\/wp\/v2\/media?parent=6043"}],"wp:term":[{"taxonomy":"category","embeddable":true,"href":"https:\/\/sites.ffkarate.fr\/hautsdeseine\/wp-json\/wp\/v2\/categories?post=6043"},{"taxonomy":"post_tag","embeddable":true,"href":"https:\/\/sites.ffkarate.fr\/hautsdeseine\/wp-json\/wp\/v2\/tags?post=6043"}],"curies":[{"name":"wp","href":"https:\/\/api.w.org\/{rel}","templated":true}]}}