{"id":6251,"date":"2019-01-23T08:40:53","date_gmt":"2019-01-23T07:40:53","guid":{"rendered":"https:\/\/sites.ffkarate.fr\/hautsdeseine\/?post_type=news&amp;p=6251"},"modified":"2019-01-23T08:40:53","modified_gmt":"2019-01-23T07:40:53","slug":"coupe-de-france-combats-minimes-2","status":"publish","type":"post","link":"https:\/\/sites.ffkarate.fr\/hautsdeseine\/2019\/01\/23\/coupe-de-france-combats-minimes-2\/","title":{"rendered":"Coupe de France Combats Minimes"},"content":{"rendered":"<div class=\"wpb-content-wrapper\"><p>[vc_row][vc_column][vc_column_text]Le\u00a0<strong>dimanche<\/strong><span style=\"color: #000000\"><strong>\u00a020 janvier 2019<\/strong><\/span>, avait lieu la\u00a0<strong>Coupe de France Combats<\/strong>\u00a0pour les minimes \u00e0 l&rsquo;INJ (75). Excellente performance des comp\u00e9titeurs des Hauts-De-Seine qui reviennent avec 9 podiums dont 1 premi\u00e8re place, 3 seconde place et 5 troisi\u00e8me place !! Le CDK92 les f\u00e9licite pour leurs superbes r\u00e9sultats !!<!--more--><\/p>\n<p><strong>1\u00e8re place :<\/strong><\/p>\n<ul>\n<li><strong>Amir ZOUAOUI<\/strong>\u00a0(<em>CSMPuteaux<\/em>) &#8211;\u00a0Minime masculin\u00a0+65kg<\/li>\n<\/ul>\n<p><strong>2\u00e8me place :<\/strong><\/p>\n<ul>\n<li><strong>Djihane MENACER\u00a0<\/strong>(<em>CSMPuteaux<\/em>) &#8211;\u00a0Minime f\u00e9minine -55kg<\/li>\n<li><strong>Tom\u00a0DELEHAYE\u00a0<\/strong>(<em>Courbevoie Sports Karat\u00e9<\/em>)\u00a0&#8211;\u00a0Minime masculin -50kg<\/li>\n<li><strong>Ismaila CISSOKHO\u00a0<\/strong>(<em>IGKDF Vanves<\/em>) &#8211;\u00a0Minime\u00a0masculin\u00a0-55kg<\/li>\n<\/ul>\n<p><strong>3\u00e8me place :<\/strong><\/p>\n<ul>\n<li><strong>Joumana BOUALAOUI\u00a0<\/strong>(<i>SKC Villeneuve-La-Garenne<\/i>) &#8211;\u00a0Minime f\u00e9minine -40kg<\/li>\n<li><strong>Marissa HAFEZAN\u00a0<\/strong>(<em>Courbevoie Sports Karat\u00e9<\/em>)\u00a0&#8211;\u00a0Minime f\u00e9minine\u00a0-40kg<\/li>\n<li><strong>Tessnime MAAZOUZI\u00a0<\/strong>(<i>SKC Villeneuve-La-Garenne<\/i>) &#8211;\u00a0Minime f\u00e9minine\u00a0-45kg<\/li>\n<li><strong>Safia LAHOU\u00a0<\/strong>(<i>SKC Villeneuve-La-Garenne<\/i>) &#8211;\u00a0Minime f\u00e9minine +55kg<\/li>\n<li><strong>Paul ROULLEAU\u00a0<\/strong>(<em>Courbevoie Sports Karat\u00e9<\/em>)\u00a0&#8211;\u00a0Minime\u00a0masculin -45kg<\/li>\n<\/ul>\n<p><a style=\"color: #1423a0\" href=\"https:\/\/sites.ffkarate.fr\/hautsdeseine\/wp-content\/uploads\/sites\/57\/2019\/01\/20190112_COUPE_FRANCE_COMBAT_CE_Resultats_V1.0.pdf\" target=\"_blank\" rel=\"noopener\"><b>R\u00e9sultats de la Coupe de France Combats minimes du dimanche 20 janvier 2019<\/b><\/a>\u00a0\u2b05\ufe0f\u00a0Cliquez sur ce lien<\/p>\n<p><a href=\"https:\/\/sites.ffkarate.fr\/hautsdeseine\/wp-content\/uploads\/sites\/57\/2019\/01\/20190120_CPE_FRANCE_MINIMES_Tom_CSK_2eme.jpg\"><img decoding=\"async\" class=\"alignnone wp-image-6239 aligncenter\" src=\"https:\/\/sites.ffkarate.fr\/hautsdeseine\/wp-content\/uploads\/sites\/57\/2019\/01\/20190120_CPE_FRANCE_MINIMES_Amir_Puteaux_2eme.jpg\" alt=\"20190120_CPE_FRANCE_MINIMES_Amir_Puteaux_2eme\" width=\"601\" height=\"338\" \/><\/a><\/p>\n<p style=\"text-align: center\"><strong>Amir ZOUAOUI<\/strong>\u00a0(<em>CSMPuteaux<\/em>) &#8211;\u00a0<strong>1er<\/strong>\u00a0&#8211; Minime masculin\u00a0+65kg<\/p>\n<p style=\"text-align: center\"><img decoding=\"async\" class=\"alignnone wp-image-6240\" src=\"https:\/\/sites.ffkarate.fr\/hautsdeseine\/wp-content\/uploads\/sites\/57\/2019\/01\/20190120_CPE_FRANCE_MINIMES_Djihane_Puteaux_2eme.jpg\" alt=\"20190120_CPE_FRANCE_MINIMES_Djihane_Puteaux_2eme\" width=\"600\" height=\"450\" \/><\/p>\n<p style=\"text-align: center\"><strong>Djihane MENACER\u00a0<\/strong>(<em>CSMPuteaux<\/em>) &#8211;\u00a0<strong>2\u00e8me<\/strong>\u00a0&#8211; Minime f\u00e9minine -55kg<\/p>\n<p><a href=\"https:\/\/sites.ffkarate.fr\/hautsdeseine\/wp-content\/uploads\/sites\/57\/2019\/01\/20190120_CPE_FRANCE_MINIMES_Tom_CSK_2eme.jpg\"><img decoding=\"async\" class=\"aligncenter wp-image-6247\" src=\"https:\/\/sites.ffkarate.fr\/hautsdeseine\/wp-content\/uploads\/sites\/57\/2019\/01\/20190120_CPE_FRANCE_MINIMES_Tom_CSK_2eme-1024x576.jpg\" alt=\"20190120_CPE_FRANCE_MINIMES_Tom_CSK_2eme\" width=\"600\" height=\"338\" \/><\/a><\/p>\n<p style=\"text-align: center\"><strong>Tom\u00a0DELEHAYE\u00a0<\/strong>(<em>Courbevoie Sports Karat\u00e9<\/em>)\u00a0&#8211;\u00a0<strong>2\u00e8me<\/strong>\u00a0&#8211; Minime masculin -50kg<\/p>\n<p style=\"text-align: center\"><a href=\"https:\/\/sites.ffkarate.fr\/hautsdeseine\/wp-content\/uploads\/sites\/57\/2019\/01\/20190120_CPE_FRANCE_MINIMES_Marissa_CSK_Ismaila_Vanves_2eme.jpg\"><img decoding=\"async\" class=\"alignnone wp-image-6241\" src=\"https:\/\/sites.ffkarate.fr\/hautsdeseine\/wp-content\/uploads\/sites\/57\/2019\/01\/20190120_CPE_FRANCE_MINIMES_Marissa_CSK_Ismaila_Vanves_2eme.jpg\" alt=\"20190120_CPE_FRANCE_MINIMES_Marissa_CSK_Ismaila_Vanves_2eme\" width=\"600\" height=\"450\" \/><\/a><\/p>\n<p style=\"text-align: center\"><strong>Ismaila CISSOKHO\u00a0<\/strong>(<em>IGKDF Vanves<\/em>) &#8211;\u00a0<strong>2\u00e8me<\/strong>\u00a0&#8211; Minime\u00a0masculin\u00a0-55kg<\/p>\n<p style=\"text-align: center\"><a href=\"https:\/\/sites.ffkarate.fr\/hautsdeseine\/wp-content\/uploads\/sites\/57\/2019\/01\/20190120_CPE_FRANCE_MINIMES_Marissa_CSK_Joumana_Villeneuve_3eme.jpg\"><img decoding=\"async\" class=\"alignnone wp-image-6242\" src=\"https:\/\/sites.ffkarate.fr\/hautsdeseine\/wp-content\/uploads\/sites\/57\/2019\/01\/20190120_CPE_FRANCE_MINIMES_Marissa_CSK_Joumana_Villeneuve_3eme-1024x725.jpg\" alt=\"20190120_CPE_FRANCE_MINIMES_Marissa_CSK_Joumana_Villeneuve_3eme\" width=\"600\" height=\"425\" \/><\/a><\/p>\n<p style=\"text-align: center\"><strong>Marissa HAFEZAN<\/strong>\u00a0(<em>Courbevoie Sports Karat\u00e9<\/em>) &amp;\u00a0<strong>Joumana BOUALAOUI\u00a0<\/strong>(<i>SKC Villeneuve-La-Garenne<\/i>) &#8211;\u00a0<strong>3\u00e8me<\/strong>\u00a0&#8211; Minime f\u00e9minine -40kg<\/p>\n<p><a href=\"https:\/\/sites.ffkarate.fr\/hautsdeseine\/wp-content\/uploads\/sites\/57\/2019\/01\/20190120_CPE_FRANCE_MINIMES_Tessnime_Vileneuve_3eme.jpg\"><img decoding=\"async\" class=\"aligncenter wp-image-6246\" src=\"https:\/\/sites.ffkarate.fr\/hautsdeseine\/wp-content\/uploads\/sites\/57\/2019\/01\/20190120_CPE_FRANCE_MINIMES_Tessnime_Vileneuve_3eme-1024x498.jpg\" alt=\"20190120_CPE_FRANCE_MINIMES_Tessnime_Vileneuve_3eme\" width=\"600\" height=\"292\" \/><\/a><\/p>\n<p style=\"text-align: center\"><strong>Tessnime MAAZOUZI\u00a0<\/strong>(<i>SKC Villeneuve-La-Garenne<\/i>) &#8211;\u00a0<strong>3\u00e8me<\/strong>\u00a0&#8211; Minime f\u00e9minine\u00a0-45kg<\/p>\n<p style=\"text-align: center\">(<em>2\u00e8me en partant de la droite sur la photo<\/em>)<\/p>\n<p><a href=\"https:\/\/sites.ffkarate.fr\/hautsdeseine\/wp-content\/uploads\/sites\/57\/2019\/01\/20190120_CPE_FRANCE_MINIMES_Safia_Vileneuve_3eme.jpg\"><img decoding=\"async\" class=\"alignnone wp-image-6244 aligncenter\" src=\"https:\/\/sites.ffkarate.fr\/hautsdeseine\/wp-content\/uploads\/sites\/57\/2019\/01\/20190120_CPE_FRANCE_MINIMES_Safia_Vileneuve_3eme.jpg\" alt=\"20190120_CPE_FRANCE_MINIMES_Safia_Vileneuve_3eme\" width=\"600\" height=\"400\" \/><\/a><\/p>\n<p style=\"text-align: center\"><strong>Safia LAHOU\u00a0<\/strong>(<i>SKC Villeneuve-La-Garenne<\/i>) &#8211;\u00a0<strong>3\u00e8me<\/strong>\u00a0&#8211; Minime f\u00e9minine +55kg<\/p>\n<p style=\"text-align: center\">(1\u00e8re<em>\u00a0en partant de la droite sur la photo<\/em>)<\/p>\n<p><a href=\"https:\/\/sites.ffkarate.fr\/hautsdeseine\/wp-content\/uploads\/sites\/57\/2019\/01\/20190120_CPE_FRANCE_MINIMES_Paul_CSK_3eme.jpg\"><img decoding=\"async\" class=\"aligncenter wp-image-6243\" src=\"https:\/\/sites.ffkarate.fr\/hautsdeseine\/wp-content\/uploads\/sites\/57\/2019\/01\/20190120_CPE_FRANCE_MINIMES_Paul_CSK_3eme-1024x576.jpg\" alt=\"20190120_CPE_FRANCE_MINIMES_Paul_CSK_3eme\" width=\"600\" height=\"338\" \/><\/a><\/p>\n<p style=\"text-align: center\"><strong>Paul ROULLEAU\u00a0<\/strong>(<em>Courbevoie Sports Karat\u00e9<\/em>)\u00a0&#8211;\u00a0<strong>3\u00e8me<\/strong>\u00a0&#8211; Minime\u00a0masculin -45kg<\/p>\n<p style=\"text-align: center\">(<em>2\u00e8me en partant de la droite sur la photo<\/em>)<\/p>\n<p>[\/vc_column_text][\/vc_column][\/vc_row]<\/p>\n<\/div>","protected":false},"excerpt":{"rendered":"<p>[vc_row][vc_column][vc_column_text]Le\u00a0dimanche\u00a020 janvier 2019, avait lieu la\u00a0Coupe de France Combats\u00a0pour les minimes \u00e0 l&rsquo;INJ (75). Excellente performance des comp\u00e9titeurs des Hauts-De-Seine qui reviennent avec 9 podiums dont 1 premi\u00e8re place, 3 seconde place et 5 troisi\u00e8me place !! Le CDK92 les f\u00e9licite pour leurs superbes r\u00e9sultats !!<\/p>\n","protected":false},"author":87,"featured_media":6239,"comment_status":"closed","ping_status":"closed","sticky":false,"template":"","format":"standard","meta":{"footnotes":""},"categories":[1],"tags":[],"class_list":["post-6251","post","type-post","status-publish","format-standard","hentry","category-non-classe"],"_links":{"self":[{"href":"https:\/\/sites.ffkarate.fr\/hautsdeseine\/wp-json\/wp\/v2\/posts\/6251","targetHints":{"allow":["GET"]}}],"collection":[{"href":"https:\/\/sites.ffkarate.fr\/hautsdeseine\/wp-json\/wp\/v2\/posts"}],"about":[{"href":"https:\/\/sites.ffkarate.fr\/hautsdeseine\/wp-json\/wp\/v2\/types\/post"}],"author":[{"embeddable":true,"href":"https:\/\/sites.ffkarate.fr\/hautsdeseine\/wp-json\/wp\/v2\/users\/87"}],"replies":[{"embeddable":true,"href":"https:\/\/sites.ffkarate.fr\/hautsdeseine\/wp-json\/wp\/v2\/comments?post=6251"}],"version-history":[{"count":0,"href":"https:\/\/sites.ffkarate.fr\/hautsdeseine\/wp-json\/wp\/v2\/posts\/6251\/revisions"}],"wp:featuredmedia":[{"embeddable":true,"href":"https:\/\/sites.ffkarate.fr\/hautsdeseine\/wp-json\/wp\/v2\/media\/6239"}],"wp:attachment":[{"href":"https:\/\/sites.ffkarate.fr\/hautsdeseine\/wp-json\/wp\/v2\/media?parent=6251"}],"wp:term":[{"taxonomy":"category","embeddable":true,"href":"https:\/\/sites.ffkarate.fr\/hautsdeseine\/wp-json\/wp\/v2\/categories?post=6251"},{"taxonomy":"post_tag","embeddable":true,"href":"https:\/\/sites.ffkarate.fr\/hautsdeseine\/wp-json\/wp\/v2\/tags?post=6251"}],"curies":[{"name":"wp","href":"https:\/\/api.w.org\/{rel}","templated":true}]}}