{"id":6271,"date":"2019-02-12T08:04:04","date_gmt":"2019-02-12T07:04:04","guid":{"rendered":"https:\/\/sites.ffkarate.fr\/hautsdeseine\/?post_type=news&amp;p=6271"},"modified":"2019-02-12T08:04:04","modified_gmt":"2019-02-12T07:04:04","slug":"stage-departemental-kumite-avec-alexandre-biamonti","status":"publish","type":"post","link":"https:\/\/sites.ffkarate.fr\/hautsdeseine\/2019\/02\/12\/stage-departemental-kumite-avec-alexandre-biamonti\/","title":{"rendered":"Stage D\u00e9partemental Kumit\u00e9 avec Alexandre BIAMONTI"},"content":{"rendered":"<div class=\"wpb-content-wrapper\"><p>[vc_row][vc_column][vc_column_text]Le<span style=\"color: #1423a0\">\u00a0<strong>dimanche 17 f\u00e9vrier 2019<\/strong><\/span>, le Comit\u00e9 D\u00e9partemental des Hauts-De-Seine organise un stage d\u00e9partemental Kumit\u00e9 avec\u00a0<span style=\"color: #1423a0\"><strong>Alexandre BIAMONTI<\/strong>\u00a0<\/span>(<em>multiple Champion du Monde et d&rsquo;Europe<\/em>) de\u00a0<strong>9h00<\/strong>\u00a0\u00e0\u00a0<strong>10h00<\/strong>\u00a0pour les<strong>\u00a0pupilles<\/strong>\u00a0et<strong>\u00a0benjamins<\/strong>\u00a0et de<strong>\u00a010h30<\/strong>\u00a0\u00e0\u00a0<strong>12h30<\/strong>\u00a0\u00e0 partir de <strong>minimes<\/strong> jusqu&rsquo;\u00e0 <strong>v\u00e9terans<\/strong> \u00e0\u00a0<strong>Gennevilliers<\/strong>\u00a0(92).<!--more--><\/p>\n<p><strong>Stage gratuit et ouvert \u00e0 tous.\u00a0<\/strong>N&rsquo;oubliez pas vos protections de combats !!<\/p>\n<p><span style=\"color: #dc2d5a\"><strong>Adresse :<\/strong><\/span><br \/>\nDojo Chandon<br \/>\n78 avenue Chandon<br \/>\n92 230 Gennevilliers<br \/>\n<strong><span style=\"color: #1423a0\"><a style=\"color: #1423a0\" href=\"https:\/\/goo.gl\/maps\/JbfytjviDdm\" target=\"_blank\" rel=\"noopener\">Google Maps<\/a><\/span><\/strong><\/p>\n<p><span style=\"color: #dc2d5a\"><strong>Contact\u00a0:<\/strong><\/span><br \/>\n<b>Secr\u00e9tariat du Comit\u00e9 D\u00e9partemental des Hauts-De-Seine<\/b><br \/>\nTel :\u00a0<strong>\u00a0<\/strong>09 66 93 47 08<br \/>\nMail :\u00a0<span style=\"color: #1423a0\"><b><a style=\"color: #1423a0\" href=\"mailto:cd92.ffkarate@gmail.com\">cd92.ffkarate@gmail.com<\/a><\/b><\/span><\/p>\n<p><span style=\"color: #003366\"><strong><span style=\"color: #1423a0\"><a style=\"color: #1423a0\" href=\"https:\/\/sites.ffkarate.fr\/hautsdeseine\/wp-content\/uploads\/sites\/57\/2019\/02\/20190217_Stage_BIAMONTI_Affiche_V1.1.pdf\" target=\"_blank\" rel=\"noopener\">Affiche du stage au format PDF<\/a><\/span>\u00a0<\/strong><span style=\"color: #000000\">\u00a0\u2b05\u00a0Cliquez sur ce lien<\/span><\/span><\/p>\n<p style=\"text-align: center\"><a href=\"https:\/\/sites.ffkarate.fr\/hautsdeseine\/wp-content\/uploads\/sites\/57\/2019\/02\/20190217_Stage_BIAMONTI_Affiche_V1.1.png\"><img decoding=\"async\" class=\"alignnone wp-image-6279\" src=\"https:\/\/sites.ffkarate.fr\/hautsdeseine\/wp-content\/uploads\/sites\/57\/2019\/02\/20190217_Stage_BIAMONTI_Affiche_V1.1.png\" alt=\"20190217_Stage_BIAMONTI_Affiche_V1.1\" width=\"600\" height=\"848\" \/><\/a><\/p>\n<p>[\/vc_column_text][\/vc_column][\/vc_row]<\/p>\n<\/div>","protected":false},"excerpt":{"rendered":"<p>[vc_row][vc_column][vc_column_text]Le\u00a0dimanche 17 f\u00e9vrier 2019, le Comit\u00e9 D\u00e9partemental des Hauts-De-Seine organise un stage d\u00e9partemental Kumit\u00e9 avec\u00a0Alexandre BIAMONTI\u00a0(multiple Champion du Monde et d&rsquo;Europe) de\u00a09h00\u00a0\u00e0\u00a010h00\u00a0pour les\u00a0pupilles\u00a0et\u00a0benjamins\u00a0et de\u00a010h30\u00a0\u00e0\u00a012h30\u00a0\u00e0 partir de minimes jusqu&rsquo;\u00e0 v\u00e9terans \u00e0\u00a0Gennevilliers\u00a0(92).<\/p>\n","protected":false},"author":87,"featured_media":6279,"comment_status":"closed","ping_status":"closed","sticky":false,"template":"","format":"standard","meta":{"footnotes":""},"categories":[1],"tags":[],"class_list":["post-6271","post","type-post","status-publish","format-standard","hentry","category-non-classe"],"_links":{"self":[{"href":"https:\/\/sites.ffkarate.fr\/hautsdeseine\/wp-json\/wp\/v2\/posts\/6271","targetHints":{"allow":["GET"]}}],"collection":[{"href":"https:\/\/sites.ffkarate.fr\/hautsdeseine\/wp-json\/wp\/v2\/posts"}],"about":[{"href":"https:\/\/sites.ffkarate.fr\/hautsdeseine\/wp-json\/wp\/v2\/types\/post"}],"author":[{"embeddable":true,"href":"https:\/\/sites.ffkarate.fr\/hautsdeseine\/wp-json\/wp\/v2\/users\/87"}],"replies":[{"embeddable":true,"href":"https:\/\/sites.ffkarate.fr\/hautsdeseine\/wp-json\/wp\/v2\/comments?post=6271"}],"version-history":[{"count":0,"href":"https:\/\/sites.ffkarate.fr\/hautsdeseine\/wp-json\/wp\/v2\/posts\/6271\/revisions"}],"wp:featuredmedia":[{"embeddable":true,"href":"https:\/\/sites.ffkarate.fr\/hautsdeseine\/wp-json\/wp\/v2\/media\/6279"}],"wp:attachment":[{"href":"https:\/\/sites.ffkarate.fr\/hautsdeseine\/wp-json\/wp\/v2\/media?parent=6271"}],"wp:term":[{"taxonomy":"category","embeddable":true,"href":"https:\/\/sites.ffkarate.fr\/hautsdeseine\/wp-json\/wp\/v2\/categories?post=6271"},{"taxonomy":"post_tag","embeddable":true,"href":"https:\/\/sites.ffkarate.fr\/hautsdeseine\/wp-json\/wp\/v2\/tags?post=6271"}],"curies":[{"name":"wp","href":"https:\/\/api.w.org\/{rel}","templated":true}]}}