{"id":6298,"date":"2019-02-07T17:45:22","date_gmt":"2019-02-07T16:45:22","guid":{"rendered":"https:\/\/sites.ffkarate.fr\/hautsdeseine\/?post_type=news&amp;p=6298"},"modified":"2019-02-07T17:45:22","modified_gmt":"2019-02-07T16:45:22","slug":"resultats-coupe-de-france-shito-ryu","status":"publish","type":"post","link":"https:\/\/sites.ffkarate.fr\/hautsdeseine\/2019\/02\/07\/resultats-coupe-de-france-shito-ryu\/","title":{"rendered":"R\u00e9sultats Coupe de France Shito Ryu"},"content":{"rendered":"<div class=\"wpb-content-wrapper\"><p>[vc_row][vc_column][vc_column_text]Le\u00a0<strong>samedi 2 f\u00e9vrier<\/strong><span style=\"color: #000000\"><strong>\u00a02019<\/strong><\/span>, avait lieu la\u00a0<strong>Coupe de France Shito Ryu<\/strong>\u00a0au gymnase Elizabeth\u00a0(75). Encore une tr\u00e8s belle performance pour le club du CSMPuteaux qui ram\u00e8ne 15 m\u00e9dailles !! Bravo au club et aux comp\u00e9titeurs pour ces\u00a0tr\u00e8s beaux r\u00e9sultats.<!--more--><\/p>\n<p><strong>1\u00e8re place :<\/strong><\/p>\n<ul>\n<li><strong>Chatveekan\u00a0THIVENDRARAJAH<\/strong>\u00a0(<em>CSMPuteaux<\/em>) &#8211;\u00a0Cadet masculin\u00a0+67kg<\/li>\n<li><b>Rayyan MEZIANE<\/b>\u00a0(<em>CSMPuteaux<\/em>) &#8211; Junior masculin -60kg<\/li>\n<li><strong>Sofiane ILLILTEN<\/strong>\u00a0(<em>CSMPuteaux<\/em>) &#8211; S\u00e9nior masculin +75kg<\/li>\n<li><strong>Noor EL ANDALOUSSI<\/strong>\u00a0(<em>CSMPuteaux<\/em>) &#8211;\u00a0Minime\u00a0f\u00e9minin -38kg<\/li>\n<li><strong>Alyssa DARNOIS<\/strong>\u00a0(<em>CSMPuteaux<\/em>) &#8211;\u00a0Cadet f\u00e9minin -50kg<\/li>\n<\/ul>\n<p><strong>2\u00e8me place :<\/strong><\/p>\n<ul>\n<li><strong>Tim\u00e9o TARTROU<\/strong>\u00a0(<em>CSMPuteaux<\/em>) &#8211; Pupille masculin kata<\/li>\n<li><strong>Chatveekan\u00a0THIVENDRARAJAH<\/strong>\u00a0(<em>CSMPuteaux<\/em>) &#8211;\u00a0Cadet masculin\u00a0kata<\/li>\n<li><strong>Sanaa AIT BELLA<\/strong>\u00a0(<em>CSMPuteaux<\/em>) &#8211;\u00a0Junior f\u00e9minin\u00a0kata<\/li>\n<li><strong>Dharmeegan\u00a0THIVENDRARAJAH<\/strong>\u00a0(<em>CSMPuteaux<\/em>) &#8211;\u00a0Minime masculin -58 kg<\/li>\n<li><b>Antonin RAYNAUD<\/b>\u00a0(<em>CSMPuteaux<\/em>) &#8211;\u00a0Junior masculin -70kg<\/li>\n<li><strong>Hamza SAM<\/strong>\u00a0(<em>CSMPuteaux<\/em>) &#8211;\u00a0S\u00e9nior\u00a0masculin +75kg<\/li>\n<\/ul>\n<p><strong>3\u00e8me place :<\/strong><\/p>\n<ul>\n<li><strong>Rayan ASSEFY<\/strong>\u00a0(<em>CSMPuteaux<\/em>) &#8211;\u00a0Pupille masculin kata<\/li>\n<li><strong>Salma EL HASSANI<\/strong>\u00a0(<em>CSMPuteaux<\/em>) &#8211;\u00a0Cadet f\u00e9minin\u00a0kata<\/li>\n<li><strong>Isaac MATINGOU<\/strong>\u00a0(<em>CSMPuteaux<\/em>) &#8211;\u00a0Minime masculin -48kg<\/li>\n<li><strong>Walid DJABALLAH<\/strong>\u00a0(<em>CSMPuteaux<\/em>) &#8211;\u00a0S\u00e9nior\u00a0masculin +75kg<\/li>\n<\/ul>\n<p><a style=\"color: #1423a0\" href=\"https:\/\/sites.ffkarate.fr\/hautsdeseine\/wp-content\/uploads\/sites\/57\/2019\/01\/20190113_OPEN_FRANCE_KATA_MCJE_Resultats_V1.0.pdf\" target=\"_blank\" rel=\"noopener\"><b>R\u00e9sultats de l&rsquo;Open de France KATA MCJE du dimanche 13 janvier 2019<\/b><\/a>\u00a0\u2b05\ufe0f\u00a0Cliquez sur ce lien<\/p>\n<p style=\"text-align: center\"><strong>Photo<\/strong> : Denis BOULANGER &#8211; FFK<\/p>\n<p>[\/vc_column_text][\/vc_column][\/vc_row]<\/p>\n<\/div>","protected":false},"excerpt":{"rendered":"<p>[vc_row][vc_column][vc_column_text]Le\u00a0samedi 2 f\u00e9vrier\u00a02019, avait lieu la\u00a0Coupe de France Shito Ryu\u00a0au gymnase Elizabeth\u00a0(75). Encore une tr\u00e8s belle performance pour le club du CSMPuteaux qui ram\u00e8ne 15 m\u00e9dailles !! Bravo au club et aux comp\u00e9titeurs pour ces\u00a0tr\u00e8s beaux r\u00e9sultats.<\/p>\n","protected":false},"author":87,"featured_media":6297,"comment_status":"closed","ping_status":"closed","sticky":false,"template":"","format":"standard","meta":{"footnotes":""},"categories":[1],"tags":[],"class_list":["post-6298","post","type-post","status-publish","format-standard","hentry","category-non-classe"],"_links":{"self":[{"href":"https:\/\/sites.ffkarate.fr\/hautsdeseine\/wp-json\/wp\/v2\/posts\/6298","targetHints":{"allow":["GET"]}}],"collection":[{"href":"https:\/\/sites.ffkarate.fr\/hautsdeseine\/wp-json\/wp\/v2\/posts"}],"about":[{"href":"https:\/\/sites.ffkarate.fr\/hautsdeseine\/wp-json\/wp\/v2\/types\/post"}],"author":[{"embeddable":true,"href":"https:\/\/sites.ffkarate.fr\/hautsdeseine\/wp-json\/wp\/v2\/users\/87"}],"replies":[{"embeddable":true,"href":"https:\/\/sites.ffkarate.fr\/hautsdeseine\/wp-json\/wp\/v2\/comments?post=6298"}],"version-history":[{"count":0,"href":"https:\/\/sites.ffkarate.fr\/hautsdeseine\/wp-json\/wp\/v2\/posts\/6298\/revisions"}],"wp:featuredmedia":[{"embeddable":true,"href":"https:\/\/sites.ffkarate.fr\/hautsdeseine\/wp-json\/wp\/v2\/media\/6297"}],"wp:attachment":[{"href":"https:\/\/sites.ffkarate.fr\/hautsdeseine\/wp-json\/wp\/v2\/media?parent=6298"}],"wp:term":[{"taxonomy":"category","embeddable":true,"href":"https:\/\/sites.ffkarate.fr\/hautsdeseine\/wp-json\/wp\/v2\/categories?post=6298"},{"taxonomy":"post_tag","embeddable":true,"href":"https:\/\/sites.ffkarate.fr\/hautsdeseine\/wp-json\/wp\/v2\/tags?post=6298"}],"curies":[{"name":"wp","href":"https:\/\/api.w.org\/{rel}","templated":true}]}}