{"id":6344,"date":"2019-02-17T22:30:11","date_gmt":"2019-02-17T21:30:11","guid":{"rendered":"https:\/\/sites.ffkarate.fr\/hautsdeseine\/?post_type=news&amp;p=6344"},"modified":"2019-02-17T22:30:11","modified_gmt":"2019-02-17T21:30:11","slug":"championnat-de-france-des-ligues","status":"publish","type":"post","link":"https:\/\/sites.ffkarate.fr\/hautsdeseine\/2019\/02\/17\/championnat-de-france-des-ligues\/","title":{"rendered":"CHAMPIONNAT DE FRANCE DES LIGUES"},"content":{"rendered":"<div class=\"wpb-content-wrapper\"><p>[vc_row][vc_column][vc_column_text]Le\u00a0<span style=\"color: #000000\"><strong>samedi\u00a017 f\u00e9vrier 2019<\/strong><\/span>, avait lieu le\u00a0<strong>Championnat de France des Ligues R\u00e9gionales Kata\/Combats<\/strong>\u00a0\u00e0 l&rsquo;INJ (75).<!--more--><\/p>\n<p><strong>1\u00e8re place :<\/strong><\/p>\n<ul>\n<li><strong>Amir ZOUAOUI<\/strong>\u00a0(<em>CSMPuteaux<\/em>) &amp;\u00a0<strong>Ismaila CISSOKHO\u00a0<\/strong>(<em>IGKDF Vanves<\/em>) avec\u00a0l\u2019\u00e9quipe masculine de la\u00a0Ligue R\u00e9gionale d&rsquo;Ile-de-France de Karat\u00e9<\/li>\n<\/ul>\n<p><strong>3\u00e8me place :<\/strong><\/p>\n<ul>\n<li><strong>Djihane MENACER\u00a0<\/strong>(<em>CSMPuteaux<\/em>) avec\u00a0l\u2019\u00e9quipe\u00a0f\u00e9minine\u00a0de la\u00a0Ligue R\u00e9gionale d&rsquo;Ile-de-France de Karat\u00e9<\/li>\n<\/ul>\n<p>F\u00e9licitation aux trois comp\u00e9titeurs pour leurs combats et leur s\u00e9lection dans l\u2019\u00e9quipe r\u00e9gionale.<\/p>\n<p><a href=\"https:\/\/sites.ffkarate.fr\/hautsdeseine\/wp-content\/uploads\/sites\/57\/2019\/02\/20190216_CHPT_FRANCE_LIGUE_REGIONALE_Photo_V1.0.jpg\"><img decoding=\"async\" class=\" wp-image-6346 aligncenter\" src=\"https:\/\/sites.ffkarate.fr\/hautsdeseine\/wp-content\/uploads\/sites\/57\/2019\/02\/20190216_CHPT_FRANCE_LIGUE_REGIONALE_Photo_V1.0.jpg\" alt=\"20190216_CHPT_FRANCE_LIGUE_REGIONALE_Photo_V1.0\" width=\"600\" height=\"386\" \/><\/a><\/p>\n<p>&nbsp;[\/vc_column_text][\/vc_column][\/vc_row]<\/p>\n<\/div>","protected":false},"excerpt":{"rendered":"<p>[vc_row][vc_column][vc_column_text]Le\u00a0samedi\u00a017 f\u00e9vrier 2019, avait lieu le\u00a0Championnat de France des Ligues R\u00e9gionales Kata\/Combats\u00a0\u00e0 l&rsquo;INJ (75).<\/p>\n","protected":false},"author":87,"featured_media":6346,"comment_status":"closed","ping_status":"closed","sticky":false,"template":"","format":"standard","meta":{"footnotes":""},"categories":[1],"tags":[],"class_list":["post-6344","post","type-post","status-publish","format-standard","hentry","category-non-classe"],"_links":{"self":[{"href":"https:\/\/sites.ffkarate.fr\/hautsdeseine\/wp-json\/wp\/v2\/posts\/6344","targetHints":{"allow":["GET"]}}],"collection":[{"href":"https:\/\/sites.ffkarate.fr\/hautsdeseine\/wp-json\/wp\/v2\/posts"}],"about":[{"href":"https:\/\/sites.ffkarate.fr\/hautsdeseine\/wp-json\/wp\/v2\/types\/post"}],"author":[{"embeddable":true,"href":"https:\/\/sites.ffkarate.fr\/hautsdeseine\/wp-json\/wp\/v2\/users\/87"}],"replies":[{"embeddable":true,"href":"https:\/\/sites.ffkarate.fr\/hautsdeseine\/wp-json\/wp\/v2\/comments?post=6344"}],"version-history":[{"count":0,"href":"https:\/\/sites.ffkarate.fr\/hautsdeseine\/wp-json\/wp\/v2\/posts\/6344\/revisions"}],"wp:featuredmedia":[{"embeddable":true,"href":"https:\/\/sites.ffkarate.fr\/hautsdeseine\/wp-json\/wp\/v2\/media\/6346"}],"wp:attachment":[{"href":"https:\/\/sites.ffkarate.fr\/hautsdeseine\/wp-json\/wp\/v2\/media?parent=6344"}],"wp:term":[{"taxonomy":"category","embeddable":true,"href":"https:\/\/sites.ffkarate.fr\/hautsdeseine\/wp-json\/wp\/v2\/categories?post=6344"},{"taxonomy":"post_tag","embeddable":true,"href":"https:\/\/sites.ffkarate.fr\/hautsdeseine\/wp-json\/wp\/v2\/tags?post=6344"}],"curies":[{"name":"wp","href":"https:\/\/api.w.org\/{rel}","templated":true}]}}