{"id":6364,"date":"2019-02-25T21:07:00","date_gmt":"2019-02-25T20:07:00","guid":{"rendered":"https:\/\/sites.ffkarate.fr\/hautsdeseine\/?post_type=news&amp;p=6364"},"modified":"2019-02-25T21:07:00","modified_gmt":"2019-02-25T20:07:00","slug":"open-idf-karate-combats-pupilles-benjamins","status":"publish","type":"post","link":"https:\/\/sites.ffkarate.fr\/hautsdeseine\/2019\/02\/25\/open-idf-karate-combats-pupilles-benjamins\/","title":{"rendered":"Open IDF Karat\u00e9 Combats Pupilles et Benjamins"},"content":{"rendered":"<div class=\"wpb-content-wrapper\"><p>[vc_row][vc_column][vc_column_text]Le\u00a0<span style=\"color: #000000\"><strong>samedi 23 f\u00e9vrier 2019<\/strong><\/span>, avait lieu l&rsquo;<strong>Open IDF Karat\u00e9 Combats<\/strong> pour les<strong> Pupilles<\/strong> et<strong> Benjamins<\/strong> \u00e0 l&rsquo;INJ (75). Le CDK92 est repr\u00e9sent\u00e9 avec<strong> 13 podiums<\/strong> dont <strong>3 m\u00e9dailles d&rsquo;or<\/strong>, <strong>1 m\u00e9daille d&rsquo;argent<\/strong> et <strong>9 m\u00e9dailles de bronze<\/strong>. Bravo \u00e0 tous les comp\u00e9titeurs pour leurs tr\u00e8s beaux r\u00e9sultats.<!--more--><\/p>\n<p><strong>1\u00e8re place :<\/strong><\/p>\n<ul>\n<li><strong>Aurore DESPUJOL\u00a0<\/strong>(<em>IGKDF Vanves<\/em>) &#8211;\u00a0Pupille\u00a0f\u00e9minine -35kg<\/li>\n<li><strong>Mathias RANAIVOHARINDRIAKA\u00a0<\/strong>(<em>IGKDF Vanves<\/em>) &#8211; Benjamin masculin +55kg<\/li>\n<li><strong>Nelisa HAFEZAN\u00a0<\/strong>(<em>Courbevoie Sports Karat\u00e9<\/em>)\u00a0&#8211; Benjamin f\u00e9minine -35kg<\/li>\n<\/ul>\n<p><strong>2\u00e8me place :<\/strong><\/p>\n<ul>\n<li><strong>Celya RETORY\u00a0<\/strong>(<em>Courbevoie Sports Karat\u00e9<\/em>)\u00a0&#8211; Benjamin f\u00e9minine -40kg<\/li>\n<\/ul>\n<p><strong>3\u00e8me place :<\/strong><\/p>\n<ul>\n<li><strong>Abdel-Aziz MAMI\u00a0<\/strong>(<em>Courbevoie Sports Karat\u00e9<\/em>)\u00a0&#8211;\u00a0Pupille masculin -30kg<\/li>\n<li><strong>Youssouf CISSOKHO\u00a0<\/strong>(<em>IGKDF Vanves<\/em>) &#8211; Pupille masculin -35kg<\/li>\n<li><strong>Anida MARMA\u00a0<\/strong>(<em>IGKDF Vanves<\/em>) &#8211;\u00a0Pupille f\u00e9minine -25kg<\/li>\n<li><strong>Kerian FAGE\u00a0<\/strong>(<em>KCColombes<\/em>) &#8211;\u00a0Pupille\u00a0f\u00e9minine -40kg<\/li>\n<li><strong>Manael HAMET<\/strong>\u00a0(<em>IFCHamour Courbevoie<\/em>)\u00a0 &#8211;\u00a0Benjamin\u00a0masculin -30kg<\/li>\n<li><strong>Yasmine DHAIBY\u00a0<\/strong>(<em>Courbevoie Sports Karat\u00e9<\/em>)\u00a0&#8211;\u00a0Benjamin f\u00e9minine -35kg<\/li>\n<li><strong>Lina ABID<\/strong>\u00a0(<i>SKC Villeneuve-La-Garenne<\/i>) &#8211; Benjamin f\u00e9minine -45kg<\/li>\n<li><strong>Mariam TOUATI<\/strong>\u00a0(<i>SKC Villeneuve-La-Garenne<\/i>) &#8211;\u00a0Benjamin f\u00e9minine -50kg<\/li>\n<li><strong>Maiwenn MOUTON\u00a0<\/strong>(<em>KCColombes<\/em>) &#8211;\u00a0Benjamin f\u00e9minine +50kg<\/li>\n<\/ul>\n<p><span style=\"color: #1423a0\"><a style=\"color: #1423a0\" href=\"https:\/\/sites.ffkarate.fr\/hautsdeseine\/wp-content\/uploads\/sites\/57\/2019\/02\/20190223_OPEN_IDF_COMBATS_PUP_BEN_Resultats_V1.0.pdf\" target=\"_blank\" rel=\"noopener\"><b>R\u00e9sultats\u00a0de l&rsquo;Open IDF Karat\u00e9 Combats Pupilles et Benjamins du samedi 23 f\u00e9vrier\u00a02019*<\/b><\/a><\/span>\u00a0\u2b05\ufe0f\u00a0Cliquez sur ce lien<\/p>\n<p>*\u00a0<em>Les 4 premiers de chaque cat\u00e9gorie\u00a0pupille\u00a0et\u00a0benjamin sont qualifi\u00e9s directement pour la Coupe de France.\u00a0<\/em>[\/vc_column_text][\/vc_column][\/vc_row]<\/p>\n<\/div>","protected":false},"excerpt":{"rendered":"<p>[vc_row][vc_column][vc_column_text]Le\u00a0samedi 23 f\u00e9vrier 2019, avait lieu l&rsquo;Open IDF Karat\u00e9 Combats pour les Pupilles et Benjamins \u00e0 l&rsquo;INJ (75). Le CDK92 est repr\u00e9sent\u00e9 avec 13 podiums dont 3 m\u00e9dailles d&rsquo;or, 1 m\u00e9daille d&rsquo;argent et 9 m\u00e9dailles de bronze. Bravo \u00e0 tous les comp\u00e9titeurs pour leurs tr\u00e8s beaux r\u00e9sultats.<\/p>\n","protected":false},"author":87,"featured_media":6363,"comment_status":"closed","ping_status":"closed","sticky":false,"template":"","format":"standard","meta":{"footnotes":""},"categories":[1],"tags":[],"class_list":["post-6364","post","type-post","status-publish","format-standard","hentry","category-non-classe"],"_links":{"self":[{"href":"https:\/\/sites.ffkarate.fr\/hautsdeseine\/wp-json\/wp\/v2\/posts\/6364","targetHints":{"allow":["GET"]}}],"collection":[{"href":"https:\/\/sites.ffkarate.fr\/hautsdeseine\/wp-json\/wp\/v2\/posts"}],"about":[{"href":"https:\/\/sites.ffkarate.fr\/hautsdeseine\/wp-json\/wp\/v2\/types\/post"}],"author":[{"embeddable":true,"href":"https:\/\/sites.ffkarate.fr\/hautsdeseine\/wp-json\/wp\/v2\/users\/87"}],"replies":[{"embeddable":true,"href":"https:\/\/sites.ffkarate.fr\/hautsdeseine\/wp-json\/wp\/v2\/comments?post=6364"}],"version-history":[{"count":0,"href":"https:\/\/sites.ffkarate.fr\/hautsdeseine\/wp-json\/wp\/v2\/posts\/6364\/revisions"}],"wp:featuredmedia":[{"embeddable":true,"href":"https:\/\/sites.ffkarate.fr\/hautsdeseine\/wp-json\/wp\/v2\/media\/6363"}],"wp:attachment":[{"href":"https:\/\/sites.ffkarate.fr\/hautsdeseine\/wp-json\/wp\/v2\/media?parent=6364"}],"wp:term":[{"taxonomy":"category","embeddable":true,"href":"https:\/\/sites.ffkarate.fr\/hautsdeseine\/wp-json\/wp\/v2\/categories?post=6364"},{"taxonomy":"post_tag","embeddable":true,"href":"https:\/\/sites.ffkarate.fr\/hautsdeseine\/wp-json\/wp\/v2\/tags?post=6364"}],"curies":[{"name":"wp","href":"https:\/\/api.w.org\/{rel}","templated":true}]}}