{"id":6384,"date":"2019-02-27T09:09:44","date_gmt":"2019-02-27T08:09:44","guid":{"rendered":"https:\/\/sites.ffkarate.fr\/hautsdeseine\/?post_type=news&amp;p=6384"},"modified":"2019-02-27T09:09:44","modified_gmt":"2019-02-27T08:09:44","slug":"jean-carbonnier-nouveau-8eme-dan","status":"publish","type":"post","link":"https:\/\/sites.ffkarate.fr\/hautsdeseine\/2019\/02\/27\/jean-carbonnier-nouveau-8eme-dan\/","title":{"rendered":"Jean CARBONNIER nouveau 8\u00e8me dan"},"content":{"rendered":"<div class=\"wpb-content-wrapper\"><p>[vc_row][vc_column][vc_column_text]Le <strong>CDK92<\/strong> est fier d&rsquo;avoir un nouveau <strong>8\u00e8me dan<\/strong> sur\u00a0 le d\u00e9partement\u00a0!!<!--more--><\/p>\n<p><strong>Jean CARBONNIER<\/strong>, entra\u00eeneur d\u00e9partemental de Karat\u00e9 Contact et Karat\u00e9 Full Contact et professeur au\u00a0KBC Garches a \u00e9t\u00e9\u00a0\u00e9lev\u00e9 au grade de 8\u00e8me dan de Karat\u00e9 Contact le <strong>jeudi 21 f\u00e9vrier 2019<\/strong>.<\/p>\n<p>Le CDK92 est fier de compter un nouveau 8\u00e8me dan et f\u00e9licite Jean pour sa r\u00e9ussite, son professionnalisme ainsi que la passion qu&rsquo;il transmet\u00a0lors de ces stages.<\/p>\n<p>Vous pouvez retrouver Jean lors du prochain stage d\u00e9partemental\u00a0<strong>Karat\u00e9 Contact<\/strong>\u00a0et\u00a0<strong>Karat\u00e9 Full Contact<\/strong>\u00a0le <strong>samedi 16 mars 2019<\/strong> \u00e0 Garches.<\/p>\n<p><a href=\"https:\/\/sites.ffkarate.fr\/hautsdeseine\/wp-content\/uploads\/sites\/57\/2019\/02\/20190221_Jean_CARBONNIER_8eme_Dan.jpg\"><img decoding=\"async\" class=\" size-full wp-image-6383 aligncenter\" src=\"https:\/\/sites.ffkarate.fr\/hautsdeseine\/wp-content\/uploads\/sites\/57\/2019\/02\/20190221_Jean_CARBONNIER_8eme_Dan.jpg\" alt=\"20190221_Jean_CARBONNIER_8eme_Dan\" width=\"600\" height=\"779\" \/><\/a>[\/vc_column_text][\/vc_column][\/vc_row]<\/p>\n<\/div>","protected":false},"excerpt":{"rendered":"<p>[vc_row][vc_column][vc_column_text]Le CDK92 est fier d&rsquo;avoir un nouveau 8\u00e8me dan sur\u00a0 le d\u00e9partement\u00a0!!<\/p>\n","protected":false},"author":87,"featured_media":6383,"comment_status":"closed","ping_status":"closed","sticky":false,"template":"","format":"standard","meta":{"footnotes":""},"categories":[1],"tags":[],"class_list":["post-6384","post","type-post","status-publish","format-standard","hentry","category-non-classe"],"_links":{"self":[{"href":"https:\/\/sites.ffkarate.fr\/hautsdeseine\/wp-json\/wp\/v2\/posts\/6384","targetHints":{"allow":["GET"]}}],"collection":[{"href":"https:\/\/sites.ffkarate.fr\/hautsdeseine\/wp-json\/wp\/v2\/posts"}],"about":[{"href":"https:\/\/sites.ffkarate.fr\/hautsdeseine\/wp-json\/wp\/v2\/types\/post"}],"author":[{"embeddable":true,"href":"https:\/\/sites.ffkarate.fr\/hautsdeseine\/wp-json\/wp\/v2\/users\/87"}],"replies":[{"embeddable":true,"href":"https:\/\/sites.ffkarate.fr\/hautsdeseine\/wp-json\/wp\/v2\/comments?post=6384"}],"version-history":[{"count":0,"href":"https:\/\/sites.ffkarate.fr\/hautsdeseine\/wp-json\/wp\/v2\/posts\/6384\/revisions"}],"wp:featuredmedia":[{"embeddable":true,"href":"https:\/\/sites.ffkarate.fr\/hautsdeseine\/wp-json\/wp\/v2\/media\/6383"}],"wp:attachment":[{"href":"https:\/\/sites.ffkarate.fr\/hautsdeseine\/wp-json\/wp\/v2\/media?parent=6384"}],"wp:term":[{"taxonomy":"category","embeddable":true,"href":"https:\/\/sites.ffkarate.fr\/hautsdeseine\/wp-json\/wp\/v2\/categories?post=6384"},{"taxonomy":"post_tag","embeddable":true,"href":"https:\/\/sites.ffkarate.fr\/hautsdeseine\/wp-json\/wp\/v2\/tags?post=6384"}],"curies":[{"name":"wp","href":"https:\/\/api.w.org\/{rel}","templated":true}]}}