{"id":6409,"date":"2019-03-05T21:20:42","date_gmt":"2019-03-05T20:20:42","guid":{"rendered":"https:\/\/sites.ffkarate.fr\/hautsdeseine\/?post_type=news&amp;p=6409"},"modified":"2019-03-05T21:20:42","modified_gmt":"2019-03-05T20:20:42","slug":"video-stage-experts-valera-moussaoui","status":"publish","type":"post","link":"https:\/\/sites.ffkarate.fr\/hautsdeseine\/2019\/03\/05\/video-stage-experts-valera-moussaoui\/","title":{"rendered":"Vid\u00e9o du stage Experts VALERA &#8211; MOUSSAOUI"},"content":{"rendered":"<div class=\"wpb-content-wrapper\"><p>[vc_row][vc_column][vc_column_text]Retour en vid\u00e9o\u00a0sur le stage d\u2019experts du samedi 16 f\u00e9vrier 2019 \u00e0 Garches avec\u00a0<strong>Dominique VALERA\u00a0<\/strong>(<em>Expert F\u00e9d\u00e9ral 9\u00e9me Dan<\/em>), associ\u00e9 \u00e0\u00a0<strong>Mohamed MOUSSAOUI<\/strong>\u00a0(<em>6\u00e9me Dan FFK &#8211; Champion du Monde de Krav-Maga 2017 et Champion d\u2019Europe 2018<\/em>). Merci \u00e0 <strong>Jean CARBONNIER<\/strong> et <strong>Francis PLANA<\/strong> pour l&rsquo;organisation du stage !!<!--more--><\/p>\n<p><iframe loading=\"lazy\" title=\"Stage Experts Dominique Valera et Mohamed Moussaoui fev 2019\" width=\"500\" height=\"281\" src=\"https:\/\/www.youtube.com\/embed\/Yj629t4DA9s?feature=oembed\" frameborder=\"0\" allow=\"accelerometer; autoplay; clipboard-write; encrypted-media; gyroscope; picture-in-picture; web-share\" referrerpolicy=\"strict-origin-when-cross-origin\" allowfullscreen><\/iframe><\/p>\n<p style=\"text-align: center\">\ud83c\udfa5\u00a0<strong>Claire LAROCHE<\/strong><\/p>\n<p>[\/vc_column_text][\/vc_column][\/vc_row][vc_row][vc_column][vc_column_text][\/vc_column_text][\/vc_column][\/vc_row][vc_row][vc_column][vc_column_text]1551817244[\/vc_column_text][\/vc_column][\/vc_row]<\/p>\n<\/div>","protected":false},"excerpt":{"rendered":"<p>[vc_row][vc_column][vc_column_text]Retour en vid\u00e9o\u00a0sur le stage d\u2019experts du samedi 16 f\u00e9vrier 2019 \u00e0 Garches avec\u00a0Dominique VALERA\u00a0(Expert F\u00e9d\u00e9ral 9\u00e9me Dan), associ\u00e9 \u00e0\u00a0Mohamed MOUSSAOUI\u00a0(6\u00e9me Dan FFK &#8211; Champion du Monde de Krav-Maga 2017 et Champion d\u2019Europe 2018). Merci \u00e0 Jean CARBONNIER et Francis PLANA pour l&rsquo;organisation du stage !!<\/p>\n","protected":false},"author":87,"featured_media":5315,"comment_status":"closed","ping_status":"closed","sticky":false,"template":"","format":"standard","meta":{"footnotes":""},"categories":[1],"tags":[],"class_list":["post-6409","post","type-post","status-publish","format-standard","hentry","category-non-classe"],"_links":{"self":[{"href":"https:\/\/sites.ffkarate.fr\/hautsdeseine\/wp-json\/wp\/v2\/posts\/6409","targetHints":{"allow":["GET"]}}],"collection":[{"href":"https:\/\/sites.ffkarate.fr\/hautsdeseine\/wp-json\/wp\/v2\/posts"}],"about":[{"href":"https:\/\/sites.ffkarate.fr\/hautsdeseine\/wp-json\/wp\/v2\/types\/post"}],"author":[{"embeddable":true,"href":"https:\/\/sites.ffkarate.fr\/hautsdeseine\/wp-json\/wp\/v2\/users\/87"}],"replies":[{"embeddable":true,"href":"https:\/\/sites.ffkarate.fr\/hautsdeseine\/wp-json\/wp\/v2\/comments?post=6409"}],"version-history":[{"count":0,"href":"https:\/\/sites.ffkarate.fr\/hautsdeseine\/wp-json\/wp\/v2\/posts\/6409\/revisions"}],"wp:featuredmedia":[{"embeddable":true,"href":"https:\/\/sites.ffkarate.fr\/hautsdeseine\/wp-json\/wp\/v2\/media\/5315"}],"wp:attachment":[{"href":"https:\/\/sites.ffkarate.fr\/hautsdeseine\/wp-json\/wp\/v2\/media?parent=6409"}],"wp:term":[{"taxonomy":"category","embeddable":true,"href":"https:\/\/sites.ffkarate.fr\/hautsdeseine\/wp-json\/wp\/v2\/categories?post=6409"},{"taxonomy":"post_tag","embeddable":true,"href":"https:\/\/sites.ffkarate.fr\/hautsdeseine\/wp-json\/wp\/v2\/tags?post=6409"}],"curies":[{"name":"wp","href":"https:\/\/api.w.org\/{rel}","templated":true}]}}