{"id":6426,"date":"2019-03-05T22:49:43","date_gmt":"2019-03-05T21:49:43","guid":{"rendered":"https:\/\/sites.ffkarate.fr\/hautsdeseine\/?post_type=news&amp;p=6426"},"modified":"2019-03-05T22:49:43","modified_gmt":"2019-03-05T21:49:43","slug":"selectionnes-chpt-et-coupe-de-france","status":"publish","type":"post","link":"https:\/\/sites.ffkarate.fr\/hautsdeseine\/2019\/03\/05\/selectionnes-chpt-et-coupe-de-france\/","title":{"rendered":"S\u00e9lectionn\u00e9s CHPT et COUPE de France"},"content":{"rendered":"<div class=\"wpb-content-wrapper\"><p>[vc_row][vc_column][vc_column_text]Les premiers s\u00e9lectionn\u00e9s pour les Championnats et Coupes de France pour la saison 2018-2019 sont arriv\u00e9s.<\/p>\n<p><!--more--><\/p>\n<p>En attendant les suivants, le CDK92 est fier d&rsquo;avoir\u00a0 :<\/p>\n<ul>\n<li><strong>4 \u00e9quipes<\/strong> s\u00e9lectionn\u00e9es pour les Championnats de France par Equipe<\/li>\n<li><strong>35 Benjamin.e.s<\/strong>\u00a0 et <strong>31 Pupilles<\/strong>\u00a0pour les\u00a0 Coupes de France Combats<\/li>\n<li><strong>12 Benjamin.e.s<\/strong> et<strong> 12 Pupilles\u00a0<\/strong>pour les\u00a0Coupes de France Kata.<\/li>\n<\/ul>\n<p><span style=\"color: #1423a0\"><strong><a href=\"https:\/\/sites.ffkarate.fr\/hautsdeseine\/wp-content\/uploads\/sites\/57\/2019\/03\/20190414_CHPT_FRANCE_COMBAT_EQUIPE_Selectionnes_V1.0.pdf\" target=\"_blank\" rel=\"noopener\">S\u00e9lectionn\u00e9s pour le Championnat de France Combat par Equipe &#8211; 14 Avril 2019 \u00e0 Marseille (13)<\/a><\/strong><\/span><\/p>\n<p><span style=\"color: #1423a0\"><strong><a href=\"https:\/\/sites.ffkarate.fr\/hautsdeseine\/wp-content\/uploads\/sites\/57\/2019\/03\/20190420-21_COUPE_FRANCE_COMBATS_BENJAMINS_Selectionnes_V1.0.pdf\" target=\"_blank\" rel=\"noopener\">S\u00e9lectionn\u00e9s pour la Coupe de France Combat\u00a0Benjamins\u00a0&#8211; 20 &amp; 21 Avril 2019 \u00e0\u00a0Villebon (91)<\/a><\/strong><\/span><\/p>\n<p><span style=\"color: #1423a0\"><strong><a href=\"https:\/\/sites.ffkarate.fr\/hautsdeseine\/wp-content\/uploads\/sites\/57\/2019\/03\/20190503-04_COUPE_FRANCE_KATA_PUPILLES_BENJAMINS_Selectionnes_V1.0.pdf\" target=\"_blank\" rel=\"noopener\">S\u00e9lectionn\u00e9s pour la Coupe de France Kata Pupilles &amp;\u00a0Benjamins\u00a0&#8211;\u00a03\u00a0&amp; 4 Mai\u00a0 2019 \u00e0\u00a0Saint-Quentin (02)<\/a><\/strong><\/span><\/p>\n<p><strong><a href=\"https:\/\/sites.ffkarate.fr\/hautsdeseine\/wp-content\/uploads\/sites\/57\/2019\/03\/20190511-12_COUPE_FRANCE_COMBATS_PUPILLES_Selectionnes_V1.0.pdf\" target=\"_blank\" rel=\"noopener\">S\u00e9lectionn\u00e9s pour la Coupe de France Combat\u00a0Pupilles &#8211; 11 &amp; 12 Mai 2019 \u00e0\u00a0Villebon (91)<\/a><\/strong><\/p>\n<p><span style=\"color: #1423a0\"><strong><a href=\"https:\/\/sites.ffkarate.fr\/hautsdeseine\/wp-content\/uploads\/sites\/57\/2019\/03\/20190518_CHPT_FRANCE_COMBATS_JUNIORS_Selectionnes_V1.0.pdf\" target=\"_blank\" rel=\"noopener\">S\u00e9lectionn\u00e9s pour le Championnat de France Combat\u00a0Juniors &#8211; 18 Mai\u00a02019 \u00e0 l&rsquo;INJ (75)<\/a><\/strong><\/span>[\/vc_column_text][\/vc_column][\/vc_row]<\/p>\n<\/div>","protected":false},"excerpt":{"rendered":"<p>[vc_row][vc_column][vc_column_text]Les premiers s\u00e9lectionn\u00e9s pour les Championnats et Coupes de France pour la saison 2018-2019 sont arriv\u00e9s.<\/p>\n","protected":false},"author":87,"featured_media":6427,"comment_status":"closed","ping_status":"closed","sticky":false,"template":"","format":"standard","meta":{"footnotes":""},"categories":[1],"tags":[],"class_list":["post-6426","post","type-post","status-publish","format-standard","hentry","category-non-classe"],"_links":{"self":[{"href":"https:\/\/sites.ffkarate.fr\/hautsdeseine\/wp-json\/wp\/v2\/posts\/6426","targetHints":{"allow":["GET"]}}],"collection":[{"href":"https:\/\/sites.ffkarate.fr\/hautsdeseine\/wp-json\/wp\/v2\/posts"}],"about":[{"href":"https:\/\/sites.ffkarate.fr\/hautsdeseine\/wp-json\/wp\/v2\/types\/post"}],"author":[{"embeddable":true,"href":"https:\/\/sites.ffkarate.fr\/hautsdeseine\/wp-json\/wp\/v2\/users\/87"}],"replies":[{"embeddable":true,"href":"https:\/\/sites.ffkarate.fr\/hautsdeseine\/wp-json\/wp\/v2\/comments?post=6426"}],"version-history":[{"count":0,"href":"https:\/\/sites.ffkarate.fr\/hautsdeseine\/wp-json\/wp\/v2\/posts\/6426\/revisions"}],"wp:featuredmedia":[{"embeddable":true,"href":"https:\/\/sites.ffkarate.fr\/hautsdeseine\/wp-json\/wp\/v2\/media\/6427"}],"wp:attachment":[{"href":"https:\/\/sites.ffkarate.fr\/hautsdeseine\/wp-json\/wp\/v2\/media?parent=6426"}],"wp:term":[{"taxonomy":"category","embeddable":true,"href":"https:\/\/sites.ffkarate.fr\/hautsdeseine\/wp-json\/wp\/v2\/categories?post=6426"},{"taxonomy":"post_tag","embeddable":true,"href":"https:\/\/sites.ffkarate.fr\/hautsdeseine\/wp-json\/wp\/v2\/tags?post=6426"}],"curies":[{"name":"wp","href":"https:\/\/api.w.org\/{rel}","templated":true}]}}