{"id":6452,"date":"2019-03-08T16:45:10","date_gmt":"2019-03-08T15:45:10","guid":{"rendered":"https:\/\/sites.ffkarate.fr\/hautsdeseine\/?post_type=news&amp;p=6452"},"modified":"2019-03-08T16:45:10","modified_gmt":"2019-03-08T15:45:10","slug":"open-departemental-kata-kumite","status":"publish","type":"post","link":"https:\/\/sites.ffkarate.fr\/hautsdeseine\/2019\/03\/08\/open-departemental-kata-kumite\/","title":{"rendered":"OPEN DEPARTEMENTAL KATA \/ KUMITE"},"content":{"rendered":"<div class=\"wpb-content-wrapper\"><p>[vc_row][vc_column][vc_column_text]<\/p>\n<p style=\"text-align: justify\">Le\u00a0<span style=\"color: #1423a0\"><strong>Comit\u00e9 D\u00e9partemental des Hauts-De-Seine<\/strong><\/span> de Karat\u00e9\u00a0organise le\u00a0<span style=\"color: #1423a0\"><strong>dimanche\u00a014 avril 2019<\/strong><\/span>, l&rsquo;<span style=\"color: #1423a0\"><strong>Open\u00a0D\u00e9partemental<\/strong><\/span>\u00a0en\u00a0Kumit\u00e9\u00a0et\/ou en\u00a0Kata\u00a0pour les\u00a0<span style=\"color: #1423a0\"><strong>poussins<\/strong><\/span>,\u00a0<strong><span style=\"color: #1423a0\">pupilles<\/span><\/strong>\u00a0et\u00a0<strong><span style=\"color: #1423a0\">benjamins<\/span><\/strong>.\u00a0Il est organis\u00e9 sous la forme d\u2019un\u00a0<span style=\"color: #1423a0\"><strong>Challenge Berger<\/strong><\/span>.<!--more--><\/p>\n<p><span style=\"color: #dc2d5a\"><strong>Conditions de participation :<\/strong><\/span><br \/>\nLe participant doit pr\u00e9senter sur passeport obligatoirement :<\/p>\n<ul>\n<li>La licence de la saison en cours ou justificatif.<\/li>\n<li>Un certificat m\u00e9dical pr\u00e9cisant l\u2019absence de contre-indication \u00e0 la pratique du karat\u00e9 en comp\u00e9tition, dat\u00e9 de moins d\u2019un an au jour de la comp\u00e9tition.<\/li>\n<li>Une autorisation parentale.<\/li>\n<\/ul>\n<p><span style=\"color: #dc2d5a\"><strong>Lieu :<\/strong><\/span><br \/>\nDojo Chandon<br \/>\n78 avenue Chandon<br \/>\n92 230 Gennevilliers<\/p>\n<p><span style=\"color: #dc2d5a\"><strong>Inscriptions :<\/strong><\/span><br \/>\nLes inscriptions ne se font que par retour du fichier EXCEL et doivent \u00eatre envoy\u00e9es par\u00a0<u>mail<\/u>\u00a0au\u00a0<strong>Comit\u00e9 D\u00e9partemental des Hauts-De-Seine<\/strong>\u00a0(<strong><span style=\"color: #1423a0\"><a style=\"color: #1423a0\" href=\"mailto:cd92.ffkarate@gmail.com\">cd92.ffkarate@gmail.com<\/a><\/span><\/strong>) avec en copie\u00a0<strong>Benjamin BIAGIOTTI<\/strong>\u00a0(<strong><span style=\"color: #1423a0\"><a style=\"color: #1423a0\" href=\"mailto:ben.biagiotti@hotmail.fr\">ben.biagiotti@hotmail.fr<\/a><\/span><\/strong>) avant le\u00a0<span style=\"color: #dc2d5a\"><strong>mardi 9 Avril 2019<\/strong><\/span>.\u00a0 Une vigilance est demand\u00e9 sur le poids\u00a0<span style=\"text-decoration: underline\">exact<\/span>\u00a0du comp\u00e9titeur.<\/p>\n<p>Les frais d\u2019engagement sont de\u00a0<strong>3\u20ac<\/strong>\u00a0<u>par comp\u00e9titeur<\/u>\u00a0et\u00a0<u>par \u00e9preuve<\/u>\u00a0(non remboursables).<\/p>\n<p><strong><span style=\"color: #dc2d5a\">Documents :<\/span><\/strong><br \/>\n<a href=\"https:\/\/sites.ffkarate.fr\/hautsdeseine\/wp-content\/uploads\/sites\/57\/2019\/03\/20190414_OPEN_DEPARTEMENTAL_Programme_V1.1.pdf\" target=\"_blank\" rel=\"noopener\"><strong><span style=\"color: #003366\"><span style=\"color: #1423a0\">D\u00e9roulement de la comp\u00e9tition V1.1 (M\u00e0J le\u00a019 mars 2019)<\/span>\u00a0<\/span><\/strong><\/a><span style=\"color: #003366\">\u2b05<\/span><span style=\"color: #003366\"><span style=\"color: #000000\">\u00a0Cliquez sur ce lien<\/span><\/span><\/p>\n<p><strong><a href=\"https:\/\/sites.ffkarate.fr\/hautsdeseine\/wp-content\/uploads\/sites\/57\/2019\/03\/20190414_OPEN_DEPARTEMENTAL_Informations_V1.0.pdf\" target=\"_blank\" rel=\"noopener\"><span style=\"color: #1423a0\">Informations sur la comp\u00e9tition<\/span><\/a><span style=\"color: #003366\"><a href=\"https:\/\/sites.ffkarate.fr\/hautsdeseine\/wp-content\/uploads\/sites\/57\/2019\/03\/20190414_OPEN_DEPARTEMENTAL_Informations_V1.0.pdf\" target=\"_blank\" rel=\"noopener\"><span style=\"color: #1423a0\"><strong>\u00a0V1.0 (M\u00e0J le\u00a08 mars 2019)<\/strong><\/span><\/a>\u00a0\u2b05<span style=\"color: #000000\">\u00a0<\/span><\/span><\/strong><span style=\"color: #000000\">Cliquez sur ce lien<\/span><\/p>\n<p><strong><span style=\"color: #1423a0\"><a style=\"color: #1423a0\" href=\"https:\/\/sites.ffkarate.fr\/hautsdeseine\/wp-content\/uploads\/sites\/57\/2019\/03\/20190414_OPEN_DEPARTEMENTAL_Inscriptions_V1.0.xls\" target=\"_blank\" rel=\"noopener\">Fichier Excel pour les inscriptions\u00a0<\/a><\/span><span style=\"color: #003366\"><span style=\"color: #1423a0\"><a style=\"color: #1423a0\" href=\"https:\/\/sites.ffkarate.fr\/hautsdeseine\/wp-content\/uploads\/sites\/57\/2019\/03\/20190414_OPEN_DEPARTEMENTAL_Inscriptions_V1.0.xls\" target=\"_blank\" rel=\"noopener\"><strong>\u00a0V1.0 (M\u00e0J le\u00a08 mars 2019)<\/strong><\/a>\u00a0\u2b05<span style=\"color: #003366\"><span style=\"color: #000000\">\u00a0<\/span><\/span><\/span><\/span><\/strong><span style=\"color: #003366\"><span style=\"color: #1423a0\"><span style=\"color: #003366\"><span style=\"color: #000000\">Cliquez sur ce lien<\/span><\/span><\/span><\/span><\/p>\n<p><strong><span style=\"color: #1423a0\"><a style=\"color: #1423a0\" href=\"https:\/\/sites.ffkarate.fr\/hautsdeseine\/wp-content\/uploads\/sites\/57\/2019\/03\/20190414_OPEN_DEPARTEMENTAL_Frais_Engagement_V1.0.pdf\" target=\"_blank\" rel=\"noopener\">Bordereau pour les frais d&rsquo;engagement\u00a0<\/a><\/span><span style=\"color: #003366\"><span style=\"color: #1423a0\"><a style=\"color: #1423a0\" href=\"https:\/\/sites.ffkarate.fr\/hautsdeseine\/wp-content\/uploads\/sites\/57\/2019\/03\/20190414_OPEN_DEPARTEMENTAL_Frais_Engagement_V1.0.pdf\" target=\"_blank\" rel=\"noopener\"><strong>V1.0 (M\u00e0J le\u00a08 mars 2019)<\/strong><\/a>\u00a0\u2b05\u00a0<\/span><\/span><\/strong><span style=\"color: #003366\"><span style=\"color: #1423a0\"><span style=\"color: #003366\">Cliquez sur ce lien<\/span><\/span><\/span><\/p>\n<p><strong><span style=\"color: #1423a0\"><a style=\"color: #1423a0\" href=\"https:\/\/sites.ffkarate.fr\/hautsdeseine\/wp-content\/uploads\/sites\/57\/2019\/03\/20190414_OPEN_DEPARTEMENTAL_Affiche_V1.0.pdf\" target=\"_blank\" rel=\"noopener\">Affiche de la comp\u00e9tition au format PDF<\/a><\/span><\/strong><span style=\"color: #000000\">\u00a0<\/span><span style=\"color: #000000\">\u00a0\u2b05\u00a0Cliquez sur ce lien<\/span><\/p>\n<p><img decoding=\"async\" class=\"aligncenter wp-image-6446\" src=\"https:\/\/sites.ffkarate.fr\/hautsdeseine\/wp-content\/uploads\/sites\/4\/2019\/03\/20190414_OPEN_DEPARTEMENTAL_Affiche_V1.0.png\" alt=\"20190414_OPEN_DEPARTEMENTAL_Affiche_V1.0\" width=\"600\" height=\"848\" \/>[\/vc_column_text][\/vc_column][\/vc_row]<\/p>\n<\/div>","protected":false},"excerpt":{"rendered":"<p>[vc_row][vc_column][vc_column_text] Le\u00a0Comit\u00e9 D\u00e9partemental des Hauts-De-Seine de Karat\u00e9\u00a0organise le\u00a0dimanche\u00a014 avril 2019, l&rsquo;Open\u00a0D\u00e9partemental\u00a0en\u00a0Kumit\u00e9\u00a0et\/ou en\u00a0Kata\u00a0pour les\u00a0poussins,\u00a0pupilles\u00a0et\u00a0benjamins.\u00a0Il est organis\u00e9 sous la forme d\u2019un\u00a0Challenge Berger.<\/p>\n","protected":false},"author":87,"featured_media":6445,"comment_status":"closed","ping_status":"closed","sticky":false,"template":"","format":"standard","meta":{"footnotes":""},"categories":[1],"tags":[],"class_list":["post-6452","post","type-post","status-publish","format-standard","hentry","category-non-classe"],"_links":{"self":[{"href":"https:\/\/sites.ffkarate.fr\/hautsdeseine\/wp-json\/wp\/v2\/posts\/6452","targetHints":{"allow":["GET"]}}],"collection":[{"href":"https:\/\/sites.ffkarate.fr\/hautsdeseine\/wp-json\/wp\/v2\/posts"}],"about":[{"href":"https:\/\/sites.ffkarate.fr\/hautsdeseine\/wp-json\/wp\/v2\/types\/post"}],"author":[{"embeddable":true,"href":"https:\/\/sites.ffkarate.fr\/hautsdeseine\/wp-json\/wp\/v2\/users\/87"}],"replies":[{"embeddable":true,"href":"https:\/\/sites.ffkarate.fr\/hautsdeseine\/wp-json\/wp\/v2\/comments?post=6452"}],"version-history":[{"count":0,"href":"https:\/\/sites.ffkarate.fr\/hautsdeseine\/wp-json\/wp\/v2\/posts\/6452\/revisions"}],"wp:featuredmedia":[{"embeddable":true,"href":"https:\/\/sites.ffkarate.fr\/hautsdeseine\/wp-json\/wp\/v2\/media\/6445"}],"wp:attachment":[{"href":"https:\/\/sites.ffkarate.fr\/hautsdeseine\/wp-json\/wp\/v2\/media?parent=6452"}],"wp:term":[{"taxonomy":"category","embeddable":true,"href":"https:\/\/sites.ffkarate.fr\/hautsdeseine\/wp-json\/wp\/v2\/categories?post=6452"},{"taxonomy":"post_tag","embeddable":true,"href":"https:\/\/sites.ffkarate.fr\/hautsdeseine\/wp-json\/wp\/v2\/tags?post=6452"}],"curies":[{"name":"wp","href":"https:\/\/api.w.org\/{rel}","templated":true}]}}