{"id":6487,"date":"2019-03-13T08:50:04","date_gmt":"2019-03-13T07:50:04","guid":{"rendered":"https:\/\/sites.ffkarate.fr\/hautsdeseine\/?post_type=news&amp;p=6487"},"modified":"2019-03-13T08:50:04","modified_gmt":"2019-03-13T07:50:04","slug":"collecte-kimono-et-ceinture-f4d","status":"publish","type":"post","link":"https:\/\/sites.ffkarate.fr\/hautsdeseine\/2019\/03\/13\/collecte-kimono-et-ceinture-f4d\/","title":{"rendered":"Collecte kimono et ceinture &#8211; F4D"},"content":{"rendered":"<div class=\"wpb-content-wrapper\"><p>[vc_row][vc_column][vc_column_text]Le\u00a0<strong>Comit\u00e9 D\u00e9partemental des Hauts-De-Seine de Karat\u00e9<\/strong>\u00a0s&rsquo;associe une nouvelle fois \u00e0 l&rsquo;association \u00ab\u00a0<em>Fight For Dignity<\/em>\u00a0\u00bb venant en aide aux femmes battues. Une collecte de kimonos et ceintures aura lieu pendant l&rsquo;Open D\u00e9partemental des Hauts-De-Seine\u00a0afin de donner une seconde vie \u00e0 vos kimonos et\/ou ceintures !!<\/p>\n<p><!--more--><br \/>\n<strong>Fight for dignity<\/strong>\u00a0est une association cr\u00e9\u00e9e en mars 2017 pour prolonger et d\u00e9velopper l\u2019action de\u00a0<strong>Laurence Fischer<\/strong>\u00a0en R\u00e9publique d\u00e9mocratique du Congo depuis 2<span class=\"text_exposed_show\">014. \u00c0 travers cette exp\u00e9rience, Fight for dignity a pour but de venir en aide aux femmes victimes de violences gr\u00e2ce \u00e0 une pratique adapt\u00e9e des sports, et en particulier des sports de combat.<\/span><\/p>\n<p>Nous faisons appel \u00e0 vos fonds de placard \/ cave \/ grenier, etc. afin de rapporter le plus de kimonos (\u00e0 partir de 150 cm) ou de ceintures \u00e0 l&rsquo;Open D\u00e9partemental\u00a0qui a lieu le\u00a0<strong>dimanche\u00a014 avril 2019<\/strong>\u00a0\u00e0\u00a0Gennevilliers.<\/p>\n<p>Le CDK92\u00a0et l&rsquo;association comptent sur votre g\u00e9n\u00e9rosit\u00e9 !!<\/p>\n<p><a href=\"https:\/\/sites.ffkarate.fr\/hautsdeseine\/wp-content\/uploads\/sites\/57\/2019\/03\/20190414_OPEN_DEPARTEMENTAL_Fight_For_Dignity_V1.0.jpg\"><img decoding=\"async\" class=\" size-large wp-image-6488 aligncenter\" src=\"https:\/\/sites.ffkarate.fr\/hautsdeseine\/wp-content\/uploads\/sites\/57\/2019\/03\/20190414_OPEN_DEPARTEMENTAL_Fight_For_Dignity_V1.0-791x1024.jpg\" alt=\"20190414_OPEN_DEPARTEMENTAL_Fight_For_Dignity_V1.0\" width=\"640\" height=\"829\" \/><\/a><\/p>\n<p>&nbsp;[\/vc_column_text][\/vc_column][\/vc_row]<\/p>\n<\/div>","protected":false},"excerpt":{"rendered":"<p>[vc_row][vc_column][vc_column_text]Le\u00a0Comit\u00e9 D\u00e9partemental des Hauts-De-Seine de Karat\u00e9\u00a0s&rsquo;associe une nouvelle fois \u00e0 l&rsquo;association \u00ab\u00a0Fight For Dignity\u00a0\u00bb venant en aide aux femmes battues. Une collecte de kimonos et ceintures aura lieu pendant l&rsquo;Open D\u00e9partemental des Hauts-De-Seine\u00a0afin de donner une seconde vie \u00e0 vos kimonos et\/ou ceintures !!<\/p>\n","protected":false},"author":87,"featured_media":6488,"comment_status":"closed","ping_status":"closed","sticky":false,"template":"","format":"standard","meta":{"footnotes":""},"categories":[1],"tags":[],"class_list":["post-6487","post","type-post","status-publish","format-standard","hentry","category-non-classe"],"_links":{"self":[{"href":"https:\/\/sites.ffkarate.fr\/hautsdeseine\/wp-json\/wp\/v2\/posts\/6487","targetHints":{"allow":["GET"]}}],"collection":[{"href":"https:\/\/sites.ffkarate.fr\/hautsdeseine\/wp-json\/wp\/v2\/posts"}],"about":[{"href":"https:\/\/sites.ffkarate.fr\/hautsdeseine\/wp-json\/wp\/v2\/types\/post"}],"author":[{"embeddable":true,"href":"https:\/\/sites.ffkarate.fr\/hautsdeseine\/wp-json\/wp\/v2\/users\/87"}],"replies":[{"embeddable":true,"href":"https:\/\/sites.ffkarate.fr\/hautsdeseine\/wp-json\/wp\/v2\/comments?post=6487"}],"version-history":[{"count":0,"href":"https:\/\/sites.ffkarate.fr\/hautsdeseine\/wp-json\/wp\/v2\/posts\/6487\/revisions"}],"wp:featuredmedia":[{"embeddable":true,"href":"https:\/\/sites.ffkarate.fr\/hautsdeseine\/wp-json\/wp\/v2\/media\/6488"}],"wp:attachment":[{"href":"https:\/\/sites.ffkarate.fr\/hautsdeseine\/wp-json\/wp\/v2\/media?parent=6487"}],"wp:term":[{"taxonomy":"category","embeddable":true,"href":"https:\/\/sites.ffkarate.fr\/hautsdeseine\/wp-json\/wp\/v2\/categories?post=6487"},{"taxonomy":"post_tag","embeddable":true,"href":"https:\/\/sites.ffkarate.fr\/hautsdeseine\/wp-json\/wp\/v2\/tags?post=6487"}],"curies":[{"name":"wp","href":"https:\/\/api.w.org\/{rel}","templated":true}]}}