{"id":6493,"date":"2019-03-18T09:45:48","date_gmt":"2019-03-18T08:45:48","guid":{"rendered":"https:\/\/sites.ffkarate.fr\/hautsdeseine\/?post_type=news&amp;p=6493"},"modified":"2019-03-18T09:45:48","modified_gmt":"2019-03-18T08:45:48","slug":"entrainement-elite-jeunes-2","status":"publish","type":"post","link":"https:\/\/sites.ffkarate.fr\/hautsdeseine\/2019\/03\/18\/entrainement-elite-jeunes-2\/","title":{"rendered":"Entrainement Elite Jeunes"},"content":{"rendered":"<div class=\"wpb-content-wrapper\"><p>[vc_row][vc_column][vc_column_text]Photo de l\u2019<strong>Entra\u00eenement Elite Jeunes Combat<\/strong> Pupilles\/Benjamins du <strong>dimanche 17 mars 2019<\/strong> avec <strong>Yann RETORY<\/strong> \u00e0 Courbevoie (92).<\/p>\n<p><!--more--><\/p>\n<p>Des \u00e9l\u00e8ves motiv\u00e9s et appliqu\u00e9s !! Bravo \u00e0 tous pour leur participation.<\/p>\n<p><a href=\"https:\/\/sites.ffkarate.fr\/hautsdeseine\/wp-content\/uploads\/sites\/57\/2019\/03\/20190317_EEE92_Courbevoie.jpg\"><img decoding=\"async\" class=\" wp-image-6491 aligncenter\" src=\"https:\/\/sites.ffkarate.fr\/hautsdeseine\/wp-content\/uploads\/sites\/57\/2019\/03\/20190317_EEE92_Courbevoie-1024x501.jpg\" alt=\"20190317_EEE92_Courbevoie\" width=\"600\" height=\"293\" \/><\/a>[\/vc_column_text][\/vc_column][\/vc_row]<\/p>\n<\/div>","protected":false},"excerpt":{"rendered":"<p>[vc_row][vc_column][vc_column_text]Photo de l\u2019Entra\u00eenement Elite Jeunes Combat Pupilles\/Benjamins du dimanche 17 mars 2019 avec Yann RETORY \u00e0 Courbevoie (92).<\/p>\n","protected":false},"author":87,"featured_media":6491,"comment_status":"closed","ping_status":"closed","sticky":false,"template":"","format":"standard","meta":{"footnotes":""},"categories":[1],"tags":[],"class_list":["post-6493","post","type-post","status-publish","format-standard","hentry","category-non-classe"],"_links":{"self":[{"href":"https:\/\/sites.ffkarate.fr\/hautsdeseine\/wp-json\/wp\/v2\/posts\/6493","targetHints":{"allow":["GET"]}}],"collection":[{"href":"https:\/\/sites.ffkarate.fr\/hautsdeseine\/wp-json\/wp\/v2\/posts"}],"about":[{"href":"https:\/\/sites.ffkarate.fr\/hautsdeseine\/wp-json\/wp\/v2\/types\/post"}],"author":[{"embeddable":true,"href":"https:\/\/sites.ffkarate.fr\/hautsdeseine\/wp-json\/wp\/v2\/users\/87"}],"replies":[{"embeddable":true,"href":"https:\/\/sites.ffkarate.fr\/hautsdeseine\/wp-json\/wp\/v2\/comments?post=6493"}],"version-history":[{"count":0,"href":"https:\/\/sites.ffkarate.fr\/hautsdeseine\/wp-json\/wp\/v2\/posts\/6493\/revisions"}],"wp:featuredmedia":[{"embeddable":true,"href":"https:\/\/sites.ffkarate.fr\/hautsdeseine\/wp-json\/wp\/v2\/media\/6491"}],"wp:attachment":[{"href":"https:\/\/sites.ffkarate.fr\/hautsdeseine\/wp-json\/wp\/v2\/media?parent=6493"}],"wp:term":[{"taxonomy":"category","embeddable":true,"href":"https:\/\/sites.ffkarate.fr\/hautsdeseine\/wp-json\/wp\/v2\/categories?post=6493"},{"taxonomy":"post_tag","embeddable":true,"href":"https:\/\/sites.ffkarate.fr\/hautsdeseine\/wp-json\/wp\/v2\/tags?post=6493"}],"curies":[{"name":"wp","href":"https:\/\/api.w.org\/{rel}","templated":true}]}}