{"id":6553,"date":"2019-03-25T10:56:27","date_gmt":"2019-03-25T09:56:27","guid":{"rendered":"https:\/\/sites.ffkarate.fr\/hautsdeseine\/?post_type=news&amp;p=6553"},"modified":"2019-03-25T10:56:27","modified_gmt":"2019-03-25T09:56:27","slug":"preparation-tournoi-idf-benmin","status":"publish","type":"post","link":"https:\/\/sites.ffkarate.fr\/hautsdeseine\/2019\/03\/25\/preparation-tournoi-idf-benmin\/","title":{"rendered":"Pr\u00e9paration Tournoi IDF BEN\/MIN"},"content":{"rendered":"<div class=\"wpb-content-wrapper\"><p>[vc_row][vc_column][vc_column_text]La\u00a0<strong>Ligue R\u00e9gionale d&rsquo;Ile-De-France<\/strong>\u00a0organise le\u00a0<strong>samedi\u00a08 juin 2018<\/strong>\u00a0un\u00a0<strong>tournoi d\u00e9partemental IDF<\/strong>\u00a0pour les benjamins et minimes en \u00e9quipe \u00e0 l&rsquo;INJ (Paris &#8211; 14\u00e8me).<!--more--><\/p>\n<p>Le\u00a0<strong>Comit\u00e9 D\u00e9partemental<\/strong>\u00a0organise deux\u00a0entra\u00eenements pour les s\u00e9lectionn\u00e9s :<\/p>\n<ul>\n<li><strong>Dimanche 7 avril 2019<\/strong>\u00a0\u00e0 Courbevoie (92)<\/li>\n<li><strong>Dimanche 19 mai 2019<\/strong>\u00a0\u00e0 Courbevoie (92)<\/li>\n<\/ul>\n<p><a href=\"https:\/\/sites.ffkarate.fr\/hautsdeseine\/wp-content\/uploads\/sites\/57\/2019\/03\/2019_Entrainement_Equipe_92_Affiche_V1.0.pdf\" target=\"_blank\" rel=\"noopener\"><strong><span style=\"color: #1423a0\">Affiche\u00a0des Entra\u00eenements Equipe D\u00e9partementale BEN\/MIN\u00a0format PDF<\/span><\/strong><\/a>\u00a0<strong><span style=\"color: #003366\"><span style=\"color: #1423a0\">\u2b05<span style=\"color: #000000\">\u00a0<\/span><\/span><\/span><\/strong><span style=\"color: #000000\">Cliquez sur ce lien\u00a0<\/span><\/p>\n<p style=\"text-align: center\"><a href=\"https:\/\/sites.ffkarate.fr\/hautsdeseine\/wp-content\/uploads\/sites\/57\/2019\/03\/2019_Entrainement_Equipe_92_Affiche_V1.0.jpg\"><img decoding=\"async\" class=\"alignnone size-large wp-image-6549\" src=\"https:\/\/sites.ffkarate.fr\/hautsdeseine\/wp-content\/uploads\/sites\/57\/2019\/03\/2019_Entrainement_Equipe_92_Affiche_V1.0-791x1024.jpg\" alt=\"2019_Entrainement_Equipe_92_Affiche_V1.0\" width=\"640\" height=\"829\" \/><\/a><\/p>\n<p>[\/vc_column_text][\/vc_column][\/vc_row]<\/p>\n<\/div>","protected":false},"excerpt":{"rendered":"<p>[vc_row][vc_column][vc_column_text]La\u00a0Ligue R\u00e9gionale d&rsquo;Ile-De-France\u00a0organise le\u00a0samedi\u00a08 juin 2018\u00a0un\u00a0tournoi d\u00e9partemental IDF\u00a0pour les benjamins et minimes en \u00e9quipe \u00e0 l&rsquo;INJ (Paris &#8211; 14\u00e8me).<\/p>\n","protected":false},"author":87,"featured_media":6549,"comment_status":"closed","ping_status":"closed","sticky":false,"template":"","format":"standard","meta":{"footnotes":""},"categories":[1],"tags":[],"class_list":["post-6553","post","type-post","status-publish","format-standard","hentry","category-non-classe"],"_links":{"self":[{"href":"https:\/\/sites.ffkarate.fr\/hautsdeseine\/wp-json\/wp\/v2\/posts\/6553","targetHints":{"allow":["GET"]}}],"collection":[{"href":"https:\/\/sites.ffkarate.fr\/hautsdeseine\/wp-json\/wp\/v2\/posts"}],"about":[{"href":"https:\/\/sites.ffkarate.fr\/hautsdeseine\/wp-json\/wp\/v2\/types\/post"}],"author":[{"embeddable":true,"href":"https:\/\/sites.ffkarate.fr\/hautsdeseine\/wp-json\/wp\/v2\/users\/87"}],"replies":[{"embeddable":true,"href":"https:\/\/sites.ffkarate.fr\/hautsdeseine\/wp-json\/wp\/v2\/comments?post=6553"}],"version-history":[{"count":0,"href":"https:\/\/sites.ffkarate.fr\/hautsdeseine\/wp-json\/wp\/v2\/posts\/6553\/revisions"}],"wp:featuredmedia":[{"embeddable":true,"href":"https:\/\/sites.ffkarate.fr\/hautsdeseine\/wp-json\/wp\/v2\/media\/6549"}],"wp:attachment":[{"href":"https:\/\/sites.ffkarate.fr\/hautsdeseine\/wp-json\/wp\/v2\/media?parent=6553"}],"wp:term":[{"taxonomy":"category","embeddable":true,"href":"https:\/\/sites.ffkarate.fr\/hautsdeseine\/wp-json\/wp\/v2\/categories?post=6553"},{"taxonomy":"post_tag","embeddable":true,"href":"https:\/\/sites.ffkarate.fr\/hautsdeseine\/wp-json\/wp\/v2\/tags?post=6553"}],"curies":[{"name":"wp","href":"https:\/\/api.w.org\/{rel}","templated":true}]}}