{"id":6568,"date":"2019-03-25T22:26:16","date_gmt":"2019-03-25T21:26:16","guid":{"rendered":"https:\/\/sites.ffkarate.fr\/hautsdeseine\/?post_type=news&amp;p=6568"},"modified":"2019-03-25T22:26:16","modified_gmt":"2019-03-25T21:26:16","slug":"maj-documents","status":"publish","type":"post","link":"https:\/\/sites.ffkarate.fr\/hautsdeseine\/2019\/03\/25\/maj-documents\/","title":{"rendered":"M\u00e0J documents"},"content":{"rendered":"<div class=\"wpb-content-wrapper\"><p>[vc_row][vc_column][vc_column_text]Une mise \u00e0 jour des documents pour les demandes de passeport et la constitution du dossier d&rsquo;inscription pour les passages de grade a \u00e9t\u00e9 r\u00e9alis\u00e9.<\/p>\n<p><!--more--><\/p>\n<p>La mention \u00ab\u00a0<span style=\"color: #dc2d5a\"><strong>Aucun envoi en AR<\/strong><\/span>\u00a0\u00bb a \u00e9t\u00e9 ajout\u00e9.<\/p>\n<p>Vous pouvez retrouver les documents modifi\u00e9s :<\/p>\n<ul>\n<li><strong><a href=\"https:\/\/sites.ffkarate.fr\/hautsdeseine\/wp-content\/uploads\/sites\/57\/2019\/03\/2018-2019_Constitution_Dossier_Inscription_Grades_V1.1.pdf\" target=\"_blank\" rel=\"noopener\"><span style=\"color: #1423a0\">Constitution pour le dossier d&rsquo;inscription aux passages de grade\u00a0V1.1 &#8211;\u00a0PDF\u00a0(M\u00e0J le\u00a025.03.2019)<\/span><\/a>\u00a0<\/strong>\u2b05\ufe0f\u00a0<span style=\"color: #000000\">Cliquez sur ce lien<\/span><\/li>\n<li><strong><span style=\"color: #1423a0\"><a style=\"color: #1423a0\" href=\"https:\/\/sites.ffkarate.fr\/hautsdeseine\/wp-content\/uploads\/sites\/4\/2019\/03\/2018-2019_Formulaire_Demande_Passeport_V1.1.pdf\" target=\"_blank\" rel=\"noopener\">Formulaire de demande de passeport &#8211; PDF (M\u00e0J le 25.032019)<\/a><\/span>\u00a0<\/strong><strong>\u00a0<\/strong><span style=\"color: #000000\">\u2b05\ufe0f\u00a0Cliquez sur ce lien<\/span><\/li>\n<\/ul>\n<p>[\/vc_column_text][\/vc_column][\/vc_row]<\/p>\n<\/div>","protected":false},"excerpt":{"rendered":"<p>[vc_row][vc_column][vc_column_text]Une mise \u00e0 jour des documents pour les demandes de passeport et la constitution du dossier d&rsquo;inscription pour les passages de grade a \u00e9t\u00e9 r\u00e9alis\u00e9.<\/p>\n","protected":false},"author":87,"featured_media":6570,"comment_status":"closed","ping_status":"closed","sticky":false,"template":"","format":"standard","meta":{"footnotes":""},"categories":[1],"tags":[],"class_list":["post-6568","post","type-post","status-publish","format-standard","hentry","category-non-classe"],"_links":{"self":[{"href":"https:\/\/sites.ffkarate.fr\/hautsdeseine\/wp-json\/wp\/v2\/posts\/6568","targetHints":{"allow":["GET"]}}],"collection":[{"href":"https:\/\/sites.ffkarate.fr\/hautsdeseine\/wp-json\/wp\/v2\/posts"}],"about":[{"href":"https:\/\/sites.ffkarate.fr\/hautsdeseine\/wp-json\/wp\/v2\/types\/post"}],"author":[{"embeddable":true,"href":"https:\/\/sites.ffkarate.fr\/hautsdeseine\/wp-json\/wp\/v2\/users\/87"}],"replies":[{"embeddable":true,"href":"https:\/\/sites.ffkarate.fr\/hautsdeseine\/wp-json\/wp\/v2\/comments?post=6568"}],"version-history":[{"count":0,"href":"https:\/\/sites.ffkarate.fr\/hautsdeseine\/wp-json\/wp\/v2\/posts\/6568\/revisions"}],"wp:featuredmedia":[{"embeddable":true,"href":"https:\/\/sites.ffkarate.fr\/hautsdeseine\/wp-json\/wp\/v2\/media\/6570"}],"wp:attachment":[{"href":"https:\/\/sites.ffkarate.fr\/hautsdeseine\/wp-json\/wp\/v2\/media?parent=6568"}],"wp:term":[{"taxonomy":"category","embeddable":true,"href":"https:\/\/sites.ffkarate.fr\/hautsdeseine\/wp-json\/wp\/v2\/categories?post=6568"},{"taxonomy":"post_tag","embeddable":true,"href":"https:\/\/sites.ffkarate.fr\/hautsdeseine\/wp-json\/wp\/v2\/tags?post=6568"}],"curies":[{"name":"wp","href":"https:\/\/api.w.org\/{rel}","templated":true}]}}