{"id":6664,"date":"2019-04-12T08:42:51","date_gmt":"2019-04-12T06:42:51","guid":{"rendered":"https:\/\/sites.ffkarate.fr\/hautsdeseine\/?post_type=news&amp;p=6664"},"modified":"2019-04-12T08:42:51","modified_gmt":"2019-04-12T06:42:51","slug":"championnat-de-france-combats-minimes-4","status":"publish","type":"post","link":"https:\/\/sites.ffkarate.fr\/hautsdeseine\/2019\/04\/12\/championnat-de-france-combats-minimes-4\/","title":{"rendered":"Championnat de France Combats Minimes"},"content":{"rendered":"<div class=\"wpb-content-wrapper\"><p>[vc_row][vc_column][vc_column_text]Le Comit\u00e9 D\u00e9partemental des Hauts-De-Seine de Karat\u00e9 par l\u2019interm\u00e9diaire de la <strong>F\u00e9d\u00e9ration Fran\u00e7aise de Karat\u00e9<\/strong> souhaite vous faire part des\u00a0modifications de lieux pour l&rsquo;\u00a0\u00e9v\u00e9nement\u00a0suivant\u00a0\u00a0:\u00a0<strong>Championnat de France Combats Minimes.<\/strong><!--more--><\/p>\n<p>Pr\u00e9vu <strong>samedi 1<\/strong> et <strong>dimanche 2 juin<\/strong> \u00e0 <strong>Clermont Ferrand<\/strong>,\u00a0le Championnat de France Combats Minimes a \u00e9t\u00e9 d\u00e9plac\u00e9 au<strong>\u00a0Gymnase Pierre de Coubertin \u00e0 Paris\u00a0<strong>aux m\u00eames\u00a0dates :<\/strong><\/strong><\/p>\n<p><span style=\"color: #1423a0\"><strong>Adresse :<\/strong><\/span><br \/>\nGymnase Pierre de Coubertin<br \/>\n82 avenue Georges Laffont<br \/>\n75016 PARIS<\/p>\n<p><a href=\"https:\/\/sites.ffkarate.fr\/hautsdeseine\/wp-content\/uploads\/sites\/57\/2019\/04\/20190601-02_CHPT_FRANCE_MINIMES_Prgoramme_V1.0.jpg\"><img decoding=\"async\" class=\" wp-image-6662 aligncenter\" src=\"https:\/\/sites.ffkarate.fr\/hautsdeseine\/wp-content\/uploads\/sites\/57\/2019\/04\/20190601-02_CHPT_FRANCE_MINIMES_Prgoramme_V1.0-791x1024.jpg\" alt=\"20190601-02_CHPT_FRANCE_MINIMES_Prgoramme_V1.0\" width=\"600\" height=\"776\" \/><\/a>[\/vc_column_text][\/vc_column][\/vc_row]<\/p>\n<\/div>","protected":false},"excerpt":{"rendered":"<p>[vc_row][vc_column][vc_column_text]Le Comit\u00e9 D\u00e9partemental des Hauts-De-Seine de Karat\u00e9 par l\u2019interm\u00e9diaire de la F\u00e9d\u00e9ration Fran\u00e7aise de Karat\u00e9 souhaite vous faire part des\u00a0modifications de lieux pour l&rsquo;\u00a0\u00e9v\u00e9nement\u00a0suivant\u00a0\u00a0:\u00a0Championnat de France Combats Minimes.<\/p>\n","protected":false},"author":87,"featured_media":6662,"comment_status":"closed","ping_status":"closed","sticky":false,"template":"","format":"standard","meta":{"footnotes":""},"categories":[1],"tags":[],"class_list":["post-6664","post","type-post","status-publish","format-standard","hentry","category-non-classe"],"_links":{"self":[{"href":"https:\/\/sites.ffkarate.fr\/hautsdeseine\/wp-json\/wp\/v2\/posts\/6664","targetHints":{"allow":["GET"]}}],"collection":[{"href":"https:\/\/sites.ffkarate.fr\/hautsdeseine\/wp-json\/wp\/v2\/posts"}],"about":[{"href":"https:\/\/sites.ffkarate.fr\/hautsdeseine\/wp-json\/wp\/v2\/types\/post"}],"author":[{"embeddable":true,"href":"https:\/\/sites.ffkarate.fr\/hautsdeseine\/wp-json\/wp\/v2\/users\/87"}],"replies":[{"embeddable":true,"href":"https:\/\/sites.ffkarate.fr\/hautsdeseine\/wp-json\/wp\/v2\/comments?post=6664"}],"version-history":[{"count":0,"href":"https:\/\/sites.ffkarate.fr\/hautsdeseine\/wp-json\/wp\/v2\/posts\/6664\/revisions"}],"wp:featuredmedia":[{"embeddable":true,"href":"https:\/\/sites.ffkarate.fr\/hautsdeseine\/wp-json\/wp\/v2\/media\/6662"}],"wp:attachment":[{"href":"https:\/\/sites.ffkarate.fr\/hautsdeseine\/wp-json\/wp\/v2\/media?parent=6664"}],"wp:term":[{"taxonomy":"category","embeddable":true,"href":"https:\/\/sites.ffkarate.fr\/hautsdeseine\/wp-json\/wp\/v2\/categories?post=6664"},{"taxonomy":"post_tag","embeddable":true,"href":"https:\/\/sites.ffkarate.fr\/hautsdeseine\/wp-json\/wp\/v2\/tags?post=6664"}],"curies":[{"name":"wp","href":"https:\/\/api.w.org\/{rel}","templated":true}]}}