{"id":6702,"date":"2019-04-30T08:41:02","date_gmt":"2019-04-30T06:41:02","guid":{"rendered":"https:\/\/sites.ffkarate.fr\/hautsdeseine\/?post_type=news&amp;p=6702"},"modified":"2019-04-30T08:41:02","modified_gmt":"2019-04-30T06:41:02","slug":"chpt-france-combats-seniors","status":"publish","type":"post","link":"https:\/\/sites.ffkarate.fr\/hautsdeseine\/2019\/04\/30\/chpt-france-combats-seniors\/","title":{"rendered":"CHPT FRANCE COMBATS SENIORS"},"content":{"rendered":"<div class=\"wpb-content-wrapper\"><p>[vc_row][vc_column][vc_column_text]Le\u00a0<strong>samedi 13<\/strong>\u00a0et\u00a0<strong>dimanche 14 avril<\/strong><strong>\u00a0 2019<\/strong>, avait lieu le\u00a0<strong>Championnat de France Combats s\u00e9niors<\/strong>\u00a0en individuels et par \u00e9quipes\u00a0\u00e0\u00a0Marseille (13). Le CDK92 f\u00e9licite\u00a0les comp\u00e9titeurs pour leus tr\u00e8s beaux r\u00e9sultats ainsi que notre coach d\u00e9partemental &#8211; <strong>Johan LOPES<\/strong> &#8211; pour son dixi\u00e8me titre de champion de France\u00a0!!<!--more--><\/p>\n<p><strong>1\u00e8re\u00a0place :<\/strong><\/p>\n<ul>\n<li><strong>Johan LOPES<\/strong>\u00a0(<em>CSA Hauts-De-Rueil<\/em>) &#8211;\u00a0S\u00e9nior\u00a0masculin -60kg<\/li>\n<\/ul>\n<p><strong>3\u00e8me place :<\/strong><\/p>\n<ul>\n<li><strong>Sally DIOP\u00a0<\/strong>(<em>CSMPuteaux<\/em>) &#8211;\u00a0S\u00e9nior masculin\u00a0-84kg<\/li>\n<li><strong>Ilyes KLOUZ\u00a0<\/strong>(<em>CSMPuteaux<\/em>) &#8211;\u00a0S\u00e9nior masculin +84kg<\/li>\n<li><strong>Equipe masculine<\/strong>\u00a0<strong>\u00a0<\/strong>(<em>CSMPuteaux<\/em>) compos\u00e9e de\u00a0<strong>Sally DIOP<\/strong>,<strong>\u00a0Ily\u00e8s KLOUZ<\/strong>,\u00a0<strong>Rabie HOULLICH<\/strong>,\u00a0<strong>Maxence DANIEL<\/strong>,\u00a0<strong>Mickael SERFATI<\/strong>,\u00a0<strong>Willian\u00a0MALONGA<\/strong>\u00a0et\u00a0<strong>Rayyan MEZIANE<\/strong><\/li>\n<\/ul>\n<p><a href=\"https:\/\/sites.ffkarate.fr\/hautsdeseine\/wp-content\/uploads\/sites\/57\/2019\/04\/20190413-14_CHPT_FRANCE_COMBATS_SENIORS_Resultats_V1.0.pdf\" target=\"_blank\" rel=\"noopener\"><span style=\"color: #1423a0\"><strong>R\u00e9sultats du Championnat de France Combats S\u00e9niors Individuels &amp; Equipe du samedi 13 et dimanche\u00a014<\/strong><\/span><span style=\"color: #1423a0\"><strong>\u00a0avril 2019<\/strong><\/span><\/a>\u00a0\u2b05\ufe0f\u00a0Cliquez sur ce lien<\/p>\n<p>&nbsp;<\/p>\n<p><img decoding=\"async\" class=\"alignnone wp-image-6698 aligncenter\" src=\"https:\/\/sites.ffkarate.fr\/hautsdeseine\/wp-content\/uploads\/sites\/57\/2019\/04\/20190413-14_CHPT_FRANCE_COMBATS_SENIORS_Johan_1er_CSHAR-1024x683.jpg\" alt=\"20190413-14_CHPT_FRANCE_COMBATS_SENIORS_Johan_1er_CSHAR\" width=\"600\" height=\"400\" \/><\/p>\n<p style=\"text-align: center\"><strong>Johan LOPES<\/strong>\u00a0(<em>CSA Hauts-De-Rueil<\/em>) &#8211;<strong>\u00a01er<\/strong>\u00a0&#8211; S\u00e9nior\u00a0masculin -60kg<\/p>\n<p style=\"text-align: center\">\ud83d\udcf7\u00a0:\u00a0<em>Denis BOULANGER \/ FFK<\/em><\/p>\n<p><img decoding=\"async\" class=\" wp-image-6699 aligncenter\" src=\"https:\/\/sites.ffkarate.fr\/hautsdeseine\/wp-content\/uploads\/sites\/57\/2019\/04\/20190413-14_CHPT_FRANCE_COMBATS_SENIORS_Sally_3eme_CSMP-1024x683.jpg\" alt=\"20190413-14_CHPT_FRANCE_COMBATS_SENIORS_Sally_3eme_CSMP\" width=\"600\" height=\"400\" \/><\/p>\n<p style=\"text-align: center\"><strong>Sally DIOP\u00a0<\/strong>(<em>CSMPuteaux<\/em>) &#8211;\u00a0<strong>3\u00e8me<\/strong>\u00a0&#8211; S\u00e9nior masculin\u00a0-84kg<\/p>\n<p style=\"text-align: center\">(<em>1er\u00a0en partant de la droite sur la photo<\/em>)<\/p>\n<p style=\"text-align: center\">\ud83d\udcf7\u00a0:\u00a0<em>Denis BOULANGER \/ FFK<\/em><\/p>\n<p><img decoding=\"async\" class=\"alignnone wp-image-6697 aligncenter\" src=\"https:\/\/sites.ffkarate.fr\/hautsdeseine\/wp-content\/uploads\/sites\/57\/2019\/04\/20190413-14_CHPT_FRANCE_COMBATS_SENIORS_Ilyes_3eme_CSMP-1024x683.jpg\" alt=\"20190413-14_CHPT_FRANCE_COMBATS_SENIORS_Ilyes_3eme_CSMP\" width=\"600\" height=\"400\" \/><\/p>\n<p style=\"text-align: center\"><strong>Ilyes KLOUZ\u00a0<\/strong>(<em>CSMPuteaux<\/em>) &#8211;\u00a0S\u00e9nior masculin +84kg<\/p>\n<p style=\"text-align: center\">(<em>2nd<\/em>\u00a0<em>en partant de la droite sur la photo<\/em>)<\/p>\n<p style=\"text-align: center\">\ud83d\udcf7\u00a0:\u00a0<em>Denis BOULANGER \/ FFK<\/em><\/p>\n<p><img decoding=\"async\" class=\"alignnone wp-image-6700 aligncenter\" src=\"https:\/\/sites.ffkarate.fr\/hautsdeseine\/wp-content\/uploads\/sites\/57\/2019\/04\/20190413-14_CHPT_FRANCE_COMBATS_SENIORS_Equipe_3eme_CSMP-1024x683.jpg\" alt=\"20190413-14_CHPT_FRANCE_COMBATS_SENIORS_Equipe_3eme_CSMP\" width=\"600\" height=\"400\" \/><\/p>\n<p style=\"text-align: center\"><strong>Equipe masculine<\/strong>\u00a0<strong>\u00a0<\/strong>(<em>CSMPuteaux<\/em>) &#8211; 3\u00e8me<\/p>\n<p style=\"text-align: center\">(<em>1\u00e8re<\/em>\u00a0<em>en partant de la droite sur la photo<\/em>)<\/p>\n<p style=\"text-align: center\">\ud83d\udcf7\u00a0:\u00a0<em>Denis BOULANGER \/ FFK<\/em><\/p>\n<p>[\/vc_column_text][\/vc_column][\/vc_row]<\/p>\n<\/div>","protected":false},"excerpt":{"rendered":"<p>[vc_row][vc_column][vc_column_text]Le\u00a0samedi 13\u00a0et\u00a0dimanche 14 avril\u00a0 2019, avait lieu le\u00a0Championnat de France Combats s\u00e9niors\u00a0en individuels et par \u00e9quipes\u00a0\u00e0\u00a0Marseille (13). Le CDK92 f\u00e9licite\u00a0les comp\u00e9titeurs pour leus tr\u00e8s beaux r\u00e9sultats ainsi que notre coach d\u00e9partemental &#8211; Johan LOPES &#8211; pour son dixi\u00e8me titre de champion de France\u00a0!!<\/p>\n","protected":false},"author":87,"featured_media":6698,"comment_status":"closed","ping_status":"closed","sticky":false,"template":"","format":"standard","meta":{"footnotes":""},"categories":[1],"tags":[],"class_list":["post-6702","post","type-post","status-publish","format-standard","hentry","category-non-classe"],"_links":{"self":[{"href":"https:\/\/sites.ffkarate.fr\/hautsdeseine\/wp-json\/wp\/v2\/posts\/6702","targetHints":{"allow":["GET"]}}],"collection":[{"href":"https:\/\/sites.ffkarate.fr\/hautsdeseine\/wp-json\/wp\/v2\/posts"}],"about":[{"href":"https:\/\/sites.ffkarate.fr\/hautsdeseine\/wp-json\/wp\/v2\/types\/post"}],"author":[{"embeddable":true,"href":"https:\/\/sites.ffkarate.fr\/hautsdeseine\/wp-json\/wp\/v2\/users\/87"}],"replies":[{"embeddable":true,"href":"https:\/\/sites.ffkarate.fr\/hautsdeseine\/wp-json\/wp\/v2\/comments?post=6702"}],"version-history":[{"count":0,"href":"https:\/\/sites.ffkarate.fr\/hautsdeseine\/wp-json\/wp\/v2\/posts\/6702\/revisions"}],"wp:featuredmedia":[{"embeddable":true,"href":"https:\/\/sites.ffkarate.fr\/hautsdeseine\/wp-json\/wp\/v2\/media\/6698"}],"wp:attachment":[{"href":"https:\/\/sites.ffkarate.fr\/hautsdeseine\/wp-json\/wp\/v2\/media?parent=6702"}],"wp:term":[{"taxonomy":"category","embeddable":true,"href":"https:\/\/sites.ffkarate.fr\/hautsdeseine\/wp-json\/wp\/v2\/categories?post=6702"},{"taxonomy":"post_tag","embeddable":true,"href":"https:\/\/sites.ffkarate.fr\/hautsdeseine\/wp-json\/wp\/v2\/tags?post=6702"}],"curies":[{"name":"wp","href":"https:\/\/api.w.org\/{rel}","templated":true}]}}