{"id":6710,"date":"2019-04-30T09:12:26","date_gmt":"2019-04-30T07:12:26","guid":{"rendered":"https:\/\/sites.ffkarate.fr\/hautsdeseine\/?post_type=news&amp;p=6710"},"modified":"2019-04-30T09:12:26","modified_gmt":"2019-04-30T07:12:26","slug":"stage-de-full-contact-avec-jean-carbonnier","status":"publish","type":"post","link":"https:\/\/sites.ffkarate.fr\/hautsdeseine\/2019\/04\/30\/stage-de-full-contact-avec-jean-carbonnier\/","title":{"rendered":"Stage de Full Contact avec Jean CARBONNIER"},"content":{"rendered":"<div class=\"wpb-content-wrapper\"><p>[vc_row][vc_column][vc_column_text]<strong>Jean CARBONNIER<\/strong>\u00a0vous propose son second\u00a0<strong>Master Class<\/strong>\u00a0de Karat\u00e9 Full Contact kick\/d\u00e9fense le<strong>\u00a0samedi\u00a011 mai\u00a02019<\/strong>\u00a0\u00e0<strong>\u00a0Garches<\/strong>\u00a0de<strong>\u00a013h30<\/strong>\u00a0\u00e0<strong>\u00a017h00<\/strong>\u00a0avec un travail sp\u00e9cifiques\u00a0sur diff\u00e9rentes technique de l&rsquo;analyse jusqu&rsquo;\u00e0 l&rsquo;efficacit\u00e9.<!--more--><\/p>\n<p>Une participation de<strong>\u00a020 \u20ac<\/strong>\u00a0sera demand\u00e9e \u00e0 chaque personne se joignant au stage. Inscription au pr\u00e9alable par t\u00e9l\u00e9phone et paiement sur place.<\/p>\n<p><span style=\"color: #dc2d5a\"><strong>Adresse :<\/strong><\/span><br \/>\nGymnase\u00a0les Meuries<br \/>\n20 rue de Suresnes<br \/>\n92380 Garches<\/p>\n<p><span style=\"color: #dc2d5a\"><strong>Contacts :<\/strong><\/span><br \/>\n<strong>Jean CARBONNIER<\/strong><br \/>\nT\u00e8l :\u00a006 60 65 80 84<br \/>\nMail :<span style=\"color: #1423a0\"><b>\u00a0<a style=\"color: #1423a0\" href=\"mailto:jcarbier0744@orange.fr\" target=\"_blank\" rel=\"noopener\">jcarbier0744@orange.fr<\/a><\/b><\/span><span style=\"color: #003366\"><strong><span style=\"color: #003366\"><br \/>\n<\/span><\/strong><\/span><\/p>\n<p><strong><span style=\"color: #003366\"><span style=\"color: #1423a0\"><a style=\"color: #1423a0\" href=\"https:\/\/sites.ffkarate.fr\/hautsdeseine\/wp-content\/uploads\/sites\/4\/2019\/04\/20190511_Stage_CARBONNIER_Affiche_V1.0.pdf\" target=\"_blank\" rel=\"noopener\">Affiche du stage au format PDF<\/a><\/span>\u00a0<\/span>\u2b05<strong>\u00a0<\/strong><\/strong>Cliquez sur ce lien<\/p>\n<p><a href=\"https:\/\/sites.ffkarate.fr\/hautsdeseine\/wp-content\/uploads\/sites\/4\/2019\/04\/20190511_Stage_CARBONNIER_Affiche_V1.0.jpg\"><img decoding=\"async\" class=\" wp-image-6706 aligncenter\" src=\"https:\/\/sites.ffkarate.fr\/hautsdeseine\/wp-content\/uploads\/sites\/4\/2019\/04\/20190511_Stage_CARBONNIER_Affiche_V1.0.jpg\" alt=\"20190511_Stage_CARBONNIER_Affiche_V1.0\" width=\"600\" height=\"800\" \/><\/a>[\/vc_column_text][\/vc_column][\/vc_row]<\/p>\n<\/div>","protected":false},"excerpt":{"rendered":"<p>[vc_row][vc_column][vc_column_text]Jean CARBONNIER\u00a0vous propose son second\u00a0Master Class\u00a0de Karat\u00e9 Full Contact kick\/d\u00e9fense le\u00a0samedi\u00a011 mai\u00a02019\u00a0\u00e0\u00a0Garches\u00a0de\u00a013h30\u00a0\u00e0\u00a017h00\u00a0avec un travail sp\u00e9cifiques\u00a0sur diff\u00e9rentes technique de l&rsquo;analyse jusqu&rsquo;\u00e0 l&rsquo;efficacit\u00e9.<\/p>\n","protected":false},"author":87,"featured_media":0,"comment_status":"closed","ping_status":"closed","sticky":false,"template":"","format":"standard","meta":{"footnotes":""},"categories":[1],"tags":[],"class_list":["post-6710","post","type-post","status-publish","format-standard","hentry","category-non-classe"],"_links":{"self":[{"href":"https:\/\/sites.ffkarate.fr\/hautsdeseine\/wp-json\/wp\/v2\/posts\/6710","targetHints":{"allow":["GET"]}}],"collection":[{"href":"https:\/\/sites.ffkarate.fr\/hautsdeseine\/wp-json\/wp\/v2\/posts"}],"about":[{"href":"https:\/\/sites.ffkarate.fr\/hautsdeseine\/wp-json\/wp\/v2\/types\/post"}],"author":[{"embeddable":true,"href":"https:\/\/sites.ffkarate.fr\/hautsdeseine\/wp-json\/wp\/v2\/users\/87"}],"replies":[{"embeddable":true,"href":"https:\/\/sites.ffkarate.fr\/hautsdeseine\/wp-json\/wp\/v2\/comments?post=6710"}],"version-history":[{"count":0,"href":"https:\/\/sites.ffkarate.fr\/hautsdeseine\/wp-json\/wp\/v2\/posts\/6710\/revisions"}],"wp:attachment":[{"href":"https:\/\/sites.ffkarate.fr\/hautsdeseine\/wp-json\/wp\/v2\/media?parent=6710"}],"wp:term":[{"taxonomy":"category","embeddable":true,"href":"https:\/\/sites.ffkarate.fr\/hautsdeseine\/wp-json\/wp\/v2\/categories?post=6710"},{"taxonomy":"post_tag","embeddable":true,"href":"https:\/\/sites.ffkarate.fr\/hautsdeseine\/wp-json\/wp\/v2\/tags?post=6710"}],"curies":[{"name":"wp","href":"https:\/\/api.w.org\/{rel}","templated":true}]}}