{"id":6722,"date":"2019-05-02T08:06:29","date_gmt":"2019-05-02T06:06:29","guid":{"rendered":"https:\/\/sites.ffkarate.fr\/hautsdeseine\/?post_type=news&amp;p=6722"},"modified":"2019-05-02T08:06:29","modified_gmt":"2019-05-02T06:06:29","slug":"stage-avec-pascal-lecourt-10","status":"publish","type":"post","link":"https:\/\/sites.ffkarate.fr\/hautsdeseine\/2019\/05\/02\/stage-avec-pascal-lecourt-10\/","title":{"rendered":"Stage avec Pascal LECOURT"},"content":{"rendered":"<div class=\"wpb-content-wrapper\"><p>[vc_row][vc_column][vc_column_text]Le\u00a0<strong>Karat\u00e9 Club Colombes<\/strong>\u00a0organise un stage de karat\u00e9<span style=\"color: #000000\">\u00a0sous la direction de\u00a0<strong>Pascal Lecourt<\/strong>\u00a0(<em>7<sup>\u00e8me<\/sup>\u00a0dan<\/em>) le\u00a0<strong>dimanche\u00a019 mai 2019\u00a0<\/strong>\u00e0 Colombes de\u00a0<strong>10h30<\/strong>\u00a0\u00e0\u00a0<strong>12h30<\/strong>.<\/span><!--more--><\/p>\n<p><strong>Stage ouvert \u00e0 tous les grades<\/strong>. Une participation de\u00a0<strong>15\u00a0\u20ac<\/strong>\u00a0sera demand\u00e9e \u00e0 chaque personne se joignant au stage. Inscriptions sur place \u00e0 10h15 .<\/p>\n<p><strong>Th\u00e8me<\/strong>\u00a0: \u00ab\u00a0La progression dans le Kumit\u00e9\u00a0\u00bb.<\/p>\n<p><span style=\"color: #dc2d5a\"><strong>Adresse \u00a0:<\/strong><\/span><br \/>\nDojo\u00a0Ambroise Par\u00e9 (parking gratuit au gymnase)<br \/>\n140 rue de Saint Denis<br \/>\n92 700\u00a0Colombes<\/p>\n<p><span style=\"color: #dc2d5a\"><strong>Renseignements :<\/strong><\/span><br \/>\n<strong>Antonio GUERRERO<\/strong><br \/>\n<span style=\"color: #003366\"><span style=\"color: #000000\">T\u00e8l : 06 22 16 03 75<\/span><strong><br \/>\n<\/strong><span style=\"color: #003366\">Mail :\u00a0<span style=\"color: #1423a0\"><strong><a style=\"color: #1423a0\" href=\"mailto:info@karatecolombes.fr\" target=\"_blank\" rel=\"noopener\">info@karatecolombes.fr<\/a><\/strong><\/span><\/span><strong><br \/>\n<\/strong><\/span><\/p>\n<p><span style=\"color: #003366\"><strong><span style=\"color: #1423a0\"><a style=\"color: #1423a0\" href=\"https:\/\/sites.ffkarate.fr\/hautsdeseine\/wp-content\/uploads\/sites\/57\/2019\/05\/20190519_Stage_LECOURT_Affiche_V1.0.pdf\" target=\"_blank\" rel=\"noopener\">Affiche du stage au format PDF<\/a><\/span>\u00a0\u2b05\u00a0<\/strong><span style=\"color: #000000\">Cliquez sur ce lien<\/span><\/span><\/p>\n<p style=\"text-align: center\"><img decoding=\"async\" class=\"alignnone wp-image-6720\" src=\"https:\/\/sites.ffkarate.fr\/hautsdeseine\/wp-content\/uploads\/sites\/57\/2019\/05\/20190519_Stage_LECOURT_Affiche_V1.0.png\" alt=\"20190519_Stage_LECOURT_Affiche_V1.0\" width=\"600\" height=\"849\" \/><\/p>\n<p>[\/vc_column_text][\/vc_column][\/vc_row]<\/p>\n<\/div>","protected":false},"excerpt":{"rendered":"<p>[vc_row][vc_column][vc_column_text]Le\u00a0Karat\u00e9 Club Colombes\u00a0organise un stage de karat\u00e9\u00a0sous la direction de\u00a0Pascal Lecourt\u00a0(7\u00e8me\u00a0dan) le\u00a0dimanche\u00a019 mai 2019\u00a0\u00e0 Colombes de\u00a010h30\u00a0\u00e0\u00a012h30.<\/p>\n","protected":false},"author":87,"featured_media":6720,"comment_status":"closed","ping_status":"closed","sticky":false,"template":"","format":"standard","meta":{"footnotes":""},"categories":[1],"tags":[],"class_list":["post-6722","post","type-post","status-publish","format-standard","hentry","category-non-classe"],"_links":{"self":[{"href":"https:\/\/sites.ffkarate.fr\/hautsdeseine\/wp-json\/wp\/v2\/posts\/6722","targetHints":{"allow":["GET"]}}],"collection":[{"href":"https:\/\/sites.ffkarate.fr\/hautsdeseine\/wp-json\/wp\/v2\/posts"}],"about":[{"href":"https:\/\/sites.ffkarate.fr\/hautsdeseine\/wp-json\/wp\/v2\/types\/post"}],"author":[{"embeddable":true,"href":"https:\/\/sites.ffkarate.fr\/hautsdeseine\/wp-json\/wp\/v2\/users\/87"}],"replies":[{"embeddable":true,"href":"https:\/\/sites.ffkarate.fr\/hautsdeseine\/wp-json\/wp\/v2\/comments?post=6722"}],"version-history":[{"count":0,"href":"https:\/\/sites.ffkarate.fr\/hautsdeseine\/wp-json\/wp\/v2\/posts\/6722\/revisions"}],"wp:featuredmedia":[{"embeddable":true,"href":"https:\/\/sites.ffkarate.fr\/hautsdeseine\/wp-json\/wp\/v2\/media\/6720"}],"wp:attachment":[{"href":"https:\/\/sites.ffkarate.fr\/hautsdeseine\/wp-json\/wp\/v2\/media?parent=6722"}],"wp:term":[{"taxonomy":"category","embeddable":true,"href":"https:\/\/sites.ffkarate.fr\/hautsdeseine\/wp-json\/wp\/v2\/categories?post=6722"},{"taxonomy":"post_tag","embeddable":true,"href":"https:\/\/sites.ffkarate.fr\/hautsdeseine\/wp-json\/wp\/v2\/tags?post=6722"}],"curies":[{"name":"wp","href":"https:\/\/api.w.org\/{rel}","templated":true}]}}