{"id":6729,"date":"2019-05-02T09:05:27","date_gmt":"2019-05-02T07:05:27","guid":{"rendered":"https:\/\/sites.ffkarate.fr\/hautsdeseine\/?post_type=news&amp;p=6729"},"modified":"2019-05-02T09:05:27","modified_gmt":"2019-05-02T07:05:27","slug":"coupe-de-france-combats-benjamins-3","status":"publish","type":"post","link":"https:\/\/sites.ffkarate.fr\/hautsdeseine\/2019\/05\/02\/coupe-de-france-combats-benjamins-3\/","title":{"rendered":"COUPE DE FRANCE COMBATS BENJAMINS"},"content":{"rendered":"<div class=\"wpb-content-wrapper\"><p>[vc_row][vc_column][vc_column_text]Le\u00a0<strong>samedi 20<\/strong>\u00a0et\u00a0<strong>dimanche 21 avril<\/strong><strong>\u00a02019<\/strong>, avait lieu\u00a0la\u00a0<strong>Coupe de France Combats benjamins\u00a0<\/strong>en individuels \u00e0 Villebon (91). Le CDK92 remporte deux m\u00e9dailles de bronze !! F\u00e9licitation aux comp\u00e9titeurs pour leur tr\u00e8s bons r\u00e9sultats.<!--more--><\/p>\n<p><strong>3\u00e8me\u00a0place :<\/strong><\/p>\n<ul>\n<li><strong>Nelisa HAFEZAN\u00a0<\/strong>(<em>Courbevoie Sports Karat\u00e9<\/em>)\u00a0&#8211; Benjamin f\u00e9minine\u00a0-35 kg<\/li>\n<li><strong>Manael HAMET<\/strong>\u00a0(<em>IFCHamour Courbevoie<\/em>)\u00a0 &#8211;\u00a0Benjamin\u00a0masculin -30kg<\/li>\n<\/ul>\n<p><a href=\"https:\/\/sites.ffkarate.fr\/hautsdeseine\/wp-content\/uploads\/sites\/57\/2019\/05\/20190420-21_CPE_FRANCE_BENJAMINS_COMBAT_Resultats_V1.0.pdf\" target=\"_blank\" rel=\"noopener\"><span style=\"color: #1423a0\"><strong>R\u00e9sultats\u00a0de la Coupe de France\u00a0Combats Benjamins Individuels du samedi 20 et dimanche 21\u00a0<\/strong><\/span><span style=\"color: #1423a0\"><strong>avril 2019<\/strong><\/span><\/a>\u00a0\u2b05\ufe0f\u00a0Cliquez sur ce lien<\/p>\n<p><a href=\"https:\/\/sites.ffkarate.fr\/hautsdeseine\/wp-content\/uploads\/sites\/57\/2019\/05\/20190420-21_CPE_FRANCE_BENJAMINS_COMBAT_Nelisa_CSK_3eme.jpg\"><img decoding=\"async\" class=\" wp-image-6725 aligncenter\" src=\"https:\/\/sites.ffkarate.fr\/hautsdeseine\/wp-content\/uploads\/sites\/57\/2019\/05\/20190420-21_CPE_FRANCE_BENJAMINS_COMBAT_Nelisa_CSK_3eme-1024x497.jpg\" alt=\"20190420-21_CPE_FRANCE_BENJAMINS_COMBAT_Nelisa_CSK_3eme\" width=\"599\" height=\"291\" \/><\/a><\/p>\n<p style=\"text-align: center\"><strong>Nelisa HAFEZAN\u00a0<\/strong>(<em>Courbevoie Sports Karat\u00e9<\/em>)\u00a0&#8211;\u00a0<strong>3\u00e8me<\/strong>\u00a0&#8211; Benjamin f\u00e9minine\u00a0-35 kg<\/p>\n<p style=\"text-align: center\">(<em>1\u00e8re<\/em>\u00a0<em>en partant de la droite sur la photo<\/em>)<\/p>\n<p><img decoding=\"async\" class=\"alignnone wp-image-6724 aligncenter\" src=\"https:\/\/sites.ffkarate.fr\/hautsdeseine\/wp-content\/uploads\/sites\/57\/2019\/05\/20190420-21_CPE_FRANCE_BENJAMINS_COMBAT_Manael_IFCH_3eme-1024x768.jpg\" alt=\"20190420-21_CPE_FRANCE_BENJAMINS_COMBAT_Manael_IFCH_3eme\" width=\"600\" height=\"450\" \/><\/p>\n<p style=\"text-align: center\"><strong>Manael HAMET<\/strong>\u00a0(<em>IFCHamour Courbevoie<\/em>)\u00a0 &#8211;\u00a0Benjamin\u00a0masculin -30kg<\/p>\n<p style=\"text-align: center\">(<em>2nd<\/em>\u00a0<em>en partant de la droite sur la photo<\/em>)<\/p>\n<p>[\/vc_column_text][\/vc_column][\/vc_row]<\/p>\n<\/div>","protected":false},"excerpt":{"rendered":"<p>[vc_row][vc_column][vc_column_text]Le\u00a0samedi 20\u00a0et\u00a0dimanche 21 avril\u00a02019, avait lieu\u00a0la\u00a0Coupe de France Combats benjamins\u00a0en individuels \u00e0 Villebon (91). Le CDK92 remporte deux m\u00e9dailles de bronze !! F\u00e9licitation aux comp\u00e9titeurs pour leur tr\u00e8s bons r\u00e9sultats.<\/p>\n","protected":false},"author":87,"featured_media":6725,"comment_status":"closed","ping_status":"closed","sticky":false,"template":"","format":"standard","meta":{"footnotes":""},"categories":[1],"tags":[],"class_list":["post-6729","post","type-post","status-publish","format-standard","hentry","category-non-classe"],"_links":{"self":[{"href":"https:\/\/sites.ffkarate.fr\/hautsdeseine\/wp-json\/wp\/v2\/posts\/6729","targetHints":{"allow":["GET"]}}],"collection":[{"href":"https:\/\/sites.ffkarate.fr\/hautsdeseine\/wp-json\/wp\/v2\/posts"}],"about":[{"href":"https:\/\/sites.ffkarate.fr\/hautsdeseine\/wp-json\/wp\/v2\/types\/post"}],"author":[{"embeddable":true,"href":"https:\/\/sites.ffkarate.fr\/hautsdeseine\/wp-json\/wp\/v2\/users\/87"}],"replies":[{"embeddable":true,"href":"https:\/\/sites.ffkarate.fr\/hautsdeseine\/wp-json\/wp\/v2\/comments?post=6729"}],"version-history":[{"count":0,"href":"https:\/\/sites.ffkarate.fr\/hautsdeseine\/wp-json\/wp\/v2\/posts\/6729\/revisions"}],"wp:featuredmedia":[{"embeddable":true,"href":"https:\/\/sites.ffkarate.fr\/hautsdeseine\/wp-json\/wp\/v2\/media\/6725"}],"wp:attachment":[{"href":"https:\/\/sites.ffkarate.fr\/hautsdeseine\/wp-json\/wp\/v2\/media?parent=6729"}],"wp:term":[{"taxonomy":"category","embeddable":true,"href":"https:\/\/sites.ffkarate.fr\/hautsdeseine\/wp-json\/wp\/v2\/categories?post=6729"},{"taxonomy":"post_tag","embeddable":true,"href":"https:\/\/sites.ffkarate.fr\/hautsdeseine\/wp-json\/wp\/v2\/tags?post=6729"}],"curies":[{"name":"wp","href":"https:\/\/api.w.org\/{rel}","templated":true}]}}