{"id":6736,"date":"2019-05-02T13:55:20","date_gmt":"2019-05-02T11:55:20","guid":{"rendered":"https:\/\/sites.ffkarate.fr\/hautsdeseine\/?post_type=news&amp;p=6736"},"modified":"2019-05-02T13:55:20","modified_gmt":"2019-05-02T11:55:20","slug":"le-cdos-fait-peau-neuve","status":"publish","type":"post","link":"https:\/\/sites.ffkarate.fr\/hautsdeseine\/2019\/05\/02\/le-cdos-fait-peau-neuve\/","title":{"rendered":"le CDOS fait peau neuve"},"content":{"rendered":"<div class=\"wpb-content-wrapper\"><p>[vc_row][vc_column][vc_column_text]Le site du CDOS &#8211;\u00a0<strong><span style=\"color: #1423a0\"><a style=\"color: #1423a0\" href=\"http:\/\/www.cdos92.fr\/?fbclid=IwAR3qhoLcR2A6roEj-E6QZvQCTZIZyrX9aGajb-vRJgFk69cdv2mlVGyh_e4\" target=\"_blank\" rel=\"noopener nofollow\">www.cdos92.fr<\/a><\/span><\/strong>\u00a0&#8211; a \u00e9t\u00e9 r\u00e9nov\u00e9, et la page Facebook (<span style=\"color: #1423a0\"><strong><a class=\"profileLink\" style=\"color: #1423a0\" href=\"https:\/\/www.facebook.com\/cdosdeshautsdeseine\/?__tn__=K-R&amp;eid=ARD74YFae2-BB_aICcuP5fUz5MfxuxVTpm-bOjxforiEsASpCnKRfAaLwzmteVV1PINZNRCV1o3JdmXr&amp;fref=mentions&amp;__xts__%5B0%5D=68.ARCqRTKHEBFr3lGrSrS5edUfQBhPCbOi7-Lyby_cSQXDHvt82lI2Gs7DmaCxian6C9J9ypzzhOG91MwVWBxV6OfC2u1P3rokpX6umW09uGGVqM9nD6DBqRI__f21PqHRrdws72ZneBuWXmp6pGZzT0ku9d5e4leuEecSjnUmj0mb4AhDwJRKji6W2gNtoxLk8GWI4lhAUM4zhGdJVurOmU2c548Mw5re9FtzaTsMEjkyhP5zSHD3sy5S1KuloIyw2_SqOF9FzwFmUD0A-UGXIJ00_gk8QZQfG6EVeCc_dBt8i5h-7ZuCGmzvTW3CJPw0IGw_CqI20r4I4Tpoz5HNwJ4vKzqeuJWsJxWKyFIQQndfU0QORBt0NvhwE6CvoNAKXej35Hqvb9-Y223LdSKQt0tN5mAynZI65VL9P_e4CQ8SJMYM\" target=\"_blank\" rel=\"noopener\">CDOS des Hauts de Seine<\/a><\/strong><\/span>) est active et actualis\u00e9e quotidiennement !!<\/p>\n<p><!--more--><\/p>\n<p>Le CDOS a pour mission de d\u00e9velopper la pratique sportive, sauvegarder et diffuser l&rsquo;Olympisme, pr\u00e9server le patrimoine sportif d\u00e9partemental.<\/p>\n<div class=\"text_exposed_show\">\n<p>N&rsquo;h\u00e9sitez pas \u00e0 liker leur page et visiter leur site web\u00a0!!<\/p>\n<p><a href=\"https:\/\/sites.ffkarate.fr\/hautsdeseine\/wp-content\/uploads\/sites\/57\/2018\/10\/CDOS.jpg\"><img decoding=\"async\" class=\" wp-image-5595 aligncenter\" src=\"https:\/\/sites.ffkarate.fr\/hautsdeseine\/wp-content\/uploads\/sites\/57\/2018\/10\/CDOS-1024x724.jpg\" alt=\"CDOS\" width=\"600\" height=\"424\" \/><\/a><\/p>\n<\/div>\n<p>[\/vc_column_text][\/vc_column][\/vc_row]<\/p>\n<\/div>","protected":false},"excerpt":{"rendered":"<p>[vc_row][vc_column][vc_column_text]Le site du CDOS &#8211;\u00a0www.cdos92.fr\u00a0&#8211; a \u00e9t\u00e9 r\u00e9nov\u00e9, et la page Facebook (CDOS des Hauts de Seine) est active et actualis\u00e9e quotidiennement !!<\/p>\n","protected":false},"author":87,"featured_media":5595,"comment_status":"closed","ping_status":"closed","sticky":false,"template":"","format":"standard","meta":{"footnotes":""},"categories":[1],"tags":[],"class_list":["post-6736","post","type-post","status-publish","format-standard","hentry","category-non-classe"],"_links":{"self":[{"href":"https:\/\/sites.ffkarate.fr\/hautsdeseine\/wp-json\/wp\/v2\/posts\/6736","targetHints":{"allow":["GET"]}}],"collection":[{"href":"https:\/\/sites.ffkarate.fr\/hautsdeseine\/wp-json\/wp\/v2\/posts"}],"about":[{"href":"https:\/\/sites.ffkarate.fr\/hautsdeseine\/wp-json\/wp\/v2\/types\/post"}],"author":[{"embeddable":true,"href":"https:\/\/sites.ffkarate.fr\/hautsdeseine\/wp-json\/wp\/v2\/users\/87"}],"replies":[{"embeddable":true,"href":"https:\/\/sites.ffkarate.fr\/hautsdeseine\/wp-json\/wp\/v2\/comments?post=6736"}],"version-history":[{"count":0,"href":"https:\/\/sites.ffkarate.fr\/hautsdeseine\/wp-json\/wp\/v2\/posts\/6736\/revisions"}],"wp:featuredmedia":[{"embeddable":true,"href":"https:\/\/sites.ffkarate.fr\/hautsdeseine\/wp-json\/wp\/v2\/media\/5595"}],"wp:attachment":[{"href":"https:\/\/sites.ffkarate.fr\/hautsdeseine\/wp-json\/wp\/v2\/media?parent=6736"}],"wp:term":[{"taxonomy":"category","embeddable":true,"href":"https:\/\/sites.ffkarate.fr\/hautsdeseine\/wp-json\/wp\/v2\/categories?post=6736"},{"taxonomy":"post_tag","embeddable":true,"href":"https:\/\/sites.ffkarate.fr\/hautsdeseine\/wp-json\/wp\/v2\/tags?post=6736"}],"curies":[{"name":"wp","href":"https:\/\/api.w.org\/{rel}","templated":true}]}}