{"id":6742,"date":"2019-05-03T07:52:20","date_gmt":"2019-05-03T05:52:20","guid":{"rendered":"https:\/\/sites.ffkarate.fr\/hautsdeseine\/?post_type=news&amp;p=6742"},"modified":"2019-05-03T07:52:20","modified_gmt":"2019-05-03T05:52:20","slug":"stage-avec-richard-segissement-4","status":"publish","type":"post","link":"https:\/\/sites.ffkarate.fr\/hautsdeseine\/2019\/05\/03\/stage-avec-richard-segissement-4\/","title":{"rendered":"Stage avec Richard SEGISSEMENT"},"content":{"rendered":"<div class=\"wpb-content-wrapper\"><p>[vc_row][vc_column][vc_column_text]Le\u00a0<strong>samedi 6 juillet 2019<\/strong>,\u00a0<strong>Richard SEGISSEMENT<\/strong>\u00a0(<em>5\u00e8me dan<\/em>), vous propose un stage de Karat\u00e9 \u00e0 Saint Cloud (92) de\u00a0<strong>21<\/strong><b>h00<\/b>\u00a0\u00e0\u00a0<strong>5h00<\/strong>.<!--more--><\/p>\n<p><strong>Stage ouvert \u00e0 tous les grades<\/strong>. Une participation de\u00a0<strong>70 \u20ac<\/strong>\u00a0sera demand\u00e9e \u00e0 chaque personne se joignant au stage &#8211; <em>aucune inscription sur plac<\/em>e.<\/p>\n<p><strong>Th\u00e8me<\/strong>\u00a0: \u00ab\u00a0Technique de jambes et\u00a0 assouplissement\u00a0\u00bb.<\/p>\n<p><span style=\"color: #dc2d5a\"><strong>Adresse :<\/strong><\/span><br \/>\n11 rue Alexandre Coutureau<br \/>\n92 210 Saint Cloud<\/p>\n<p><span style=\"color: #dc2d5a\"><strong>Renseignements :<\/strong><\/span><br \/>\n<strong>Richard SEGISSEMENT<\/strong><br \/>\n<span style=\"color: #000000\">T\u00e8l :\u00a006 78 88 28 34<\/span><br \/>\n<span style=\"color: #003366\">Mail :\u00a0<span style=\"color: #1423a0\"><strong><a style=\"color: #1423a0\" href=\"mailto:segeeva@hotmail.com\" target=\"_blank\" rel=\"noopener\">segeeva@hotmail.com<\/a><\/strong><\/span><\/span><\/p>\n<p><span style=\"color: #000000\"><span style=\"color: #1423a0\"><strong><a style=\"color: #1423a0\" href=\"https:\/\/sites.ffkarate.fr\/hautsdeseine\/wp-content\/uploads\/sites\/57\/2019\/05\/20190706_Stage_SEGISSEMENT_Affiche_V1.0.pdf\" target=\"_blank\" rel=\"noopener\">Affiche du stage au format PDF<\/a><\/strong><\/span>\u00a0<strong>\u00a0\u2b05\u00a0<\/strong>Cliquez sur ce lien<\/span><\/p>\n<p><img decoding=\"async\" class=\" wp-image-6740 aligncenter\" src=\"https:\/\/sites.ffkarate.fr\/hautsdeseine\/wp-content\/uploads\/sites\/57\/2019\/05\/20190706_Stage_SEGISSEMENT_AFfiche_V1.0.jpg\" alt=\"20190706_Stage_SEGISSEMENT_AFfiche_V1.0\" width=\"600\" height=\"850\" \/>[\/vc_column_text][\/vc_column][\/vc_row]<\/p>\n<\/div>","protected":false},"excerpt":{"rendered":"<p>[vc_row][vc_column][vc_column_text]Le\u00a0samedi 6 juillet 2019,\u00a0Richard SEGISSEMENT\u00a0(5\u00e8me dan), vous propose un stage de Karat\u00e9 \u00e0 Saint Cloud (92) de\u00a021h00\u00a0\u00e0\u00a05h00.<\/p>\n","protected":false},"author":87,"featured_media":6740,"comment_status":"closed","ping_status":"closed","sticky":false,"template":"","format":"standard","meta":{"footnotes":""},"categories":[1],"tags":[],"class_list":["post-6742","post","type-post","status-publish","format-standard","hentry","category-non-classe"],"_links":{"self":[{"href":"https:\/\/sites.ffkarate.fr\/hautsdeseine\/wp-json\/wp\/v2\/posts\/6742","targetHints":{"allow":["GET"]}}],"collection":[{"href":"https:\/\/sites.ffkarate.fr\/hautsdeseine\/wp-json\/wp\/v2\/posts"}],"about":[{"href":"https:\/\/sites.ffkarate.fr\/hautsdeseine\/wp-json\/wp\/v2\/types\/post"}],"author":[{"embeddable":true,"href":"https:\/\/sites.ffkarate.fr\/hautsdeseine\/wp-json\/wp\/v2\/users\/87"}],"replies":[{"embeddable":true,"href":"https:\/\/sites.ffkarate.fr\/hautsdeseine\/wp-json\/wp\/v2\/comments?post=6742"}],"version-history":[{"count":0,"href":"https:\/\/sites.ffkarate.fr\/hautsdeseine\/wp-json\/wp\/v2\/posts\/6742\/revisions"}],"wp:featuredmedia":[{"embeddable":true,"href":"https:\/\/sites.ffkarate.fr\/hautsdeseine\/wp-json\/wp\/v2\/media\/6740"}],"wp:attachment":[{"href":"https:\/\/sites.ffkarate.fr\/hautsdeseine\/wp-json\/wp\/v2\/media?parent=6742"}],"wp:term":[{"taxonomy":"category","embeddable":true,"href":"https:\/\/sites.ffkarate.fr\/hautsdeseine\/wp-json\/wp\/v2\/categories?post=6742"},{"taxonomy":"post_tag","embeddable":true,"href":"https:\/\/sites.ffkarate.fr\/hautsdeseine\/wp-json\/wp\/v2\/tags?post=6742"}],"curies":[{"name":"wp","href":"https:\/\/api.w.org\/{rel}","templated":true}]}}