{"id":6750,"date":"2019-05-03T09:19:38","date_gmt":"2019-05-03T07:19:38","guid":{"rendered":"https:\/\/sites.ffkarate.fr\/hautsdeseine\/?post_type=news&amp;p=6750"},"modified":"2019-05-03T09:19:38","modified_gmt":"2019-05-03T07:19:38","slug":"championnat-de-france-de-karate-light-contact","status":"publish","type":"post","link":"https:\/\/sites.ffkarate.fr\/hautsdeseine\/2019\/05\/03\/championnat-de-france-de-karate-light-contact\/","title":{"rendered":"Championnat de France de Karat\u00e9 Light Contact"},"content":{"rendered":"<div class=\"wpb-content-wrapper\"><p>[vc_row][vc_column][vc_column_text]Le\u00a0<strong>samedi 27<\/strong>\u00a0et<strong>\u00a0dimanche 28 avril 2019<\/strong>\u00a0avait lieu le\u00a0<strong>championnat de France de Karat\u00e9 Light Contact<\/strong>\u00a0\u00e0 la Halle Carpentier (75). Cinq comp\u00e9titeurs du CDK92 montent sur le podium dont Paul CARBONNIER qui d\u00e9croche le titre de Champion de France !! Bravo \u00e0 eux !!<!--more--><\/p>\n<p><strong>1\u00e8re place :<\/strong><\/p>\n<ul>\n<li><strong>Paul CARBONNIER\u00a0<\/strong>(<em>KBC Garches<\/em>) &#8211; Senior +90 kg masculin<\/li>\n<\/ul>\n<p><strong>2\u00e8me place :<\/strong><\/p>\n<ul>\n<li><strong>Aines BOURAS\u00a0<\/strong>(<em>Fight Club Asni\u00e8res<\/em>) &#8211;\u00a0Benjamin -40 kg masculin<\/li>\n<li><strong>Ina OULD LAMARA\u00a0<\/strong>(<em>Fight Club Asni\u00e8res<\/em>) &#8211;\u00a0Benjamin -40 kg masculin<\/li>\n<\/ul>\n<p><strong>3\u00e8me place :<\/strong><\/p>\n<ul>\n<li><strong>Aissa MAZGAMATE\u00a0<\/strong>(<em>Fight Club Asni\u00e8res<\/em>) &#8211;\u00a0Benjamin -45 kg masculin<\/li>\n<li><strong>Abdallah BOURAS\u00a0<\/strong>(<em>Fight Club Asni\u00e8res<\/em>) &#8211;\u00a0Cadet -70 kg masculin<\/li>\n<\/ul>\n<p><span style=\"color: #1423a0\"><a style=\"color: #1423a0\" href=\"https:\/\/sites.ffkarate.fr\/hautsdeseine\/wp-content\/uploads\/sites\/57\/2019\/05\/20190427-28_CPE_FRANCE_KARATE_LIGHT_CONTACT_Resultats_V1.0.pdf\" target=\"_blank\" rel=\"noopener\"><strong>R\u00e9sultats\u00a0du\u00a0C<strong>hampionnat de France de Karat\u00e9 Light Contact<\/strong>\u00a0du samedi 27 et dimanche 28\u00a0<\/strong><strong>avril 2019<\/strong><\/a><\/span>\u00a0\u2b05\ufe0f\u00a0Cliquez sur ce lien<\/p>\n<p><a href=\"https:\/\/sites.ffkarate.fr\/hautsdeseine\/wp-content\/uploads\/sites\/57\/2019\/05\/20190427-28_CPE_FRANCE_KARATE_LIGHT_CONTACT_Paul_1er_KBJS.jpg\"><img decoding=\"async\" class=\" wp-image-6746 aligncenter\" src=\"https:\/\/sites.ffkarate.fr\/hautsdeseine\/wp-content\/uploads\/sites\/57\/2019\/05\/20190427-28_CPE_FRANCE_KARATE_LIGHT_CONTACT_Paul_1er_KBJS-1024x657.jpg\" alt=\"20190427-28_CPE_FRANCE_KARATE_LIGHT_CONTACT_Paul_1er_KBJS\" width=\"600\" height=\"385\" \/><\/a>[\/vc_column_text][\/vc_column][\/vc_row]<\/p>\n<\/div>","protected":false},"excerpt":{"rendered":"<p>[vc_row][vc_column][vc_column_text]Le\u00a0samedi 27\u00a0et\u00a0dimanche 28 avril 2019\u00a0avait lieu le\u00a0championnat de France de Karat\u00e9 Light Contact\u00a0\u00e0 la Halle Carpentier (75). Cinq comp\u00e9titeurs du CDK92 montent sur le podium dont Paul CARBONNIER qui d\u00e9croche le titre de Champion de France !! Bravo \u00e0 eux !!<\/p>\n","protected":false},"author":87,"featured_media":6746,"comment_status":"closed","ping_status":"closed","sticky":false,"template":"","format":"standard","meta":{"footnotes":""},"categories":[1],"tags":[],"class_list":["post-6750","post","type-post","status-publish","format-standard","hentry","category-non-classe"],"_links":{"self":[{"href":"https:\/\/sites.ffkarate.fr\/hautsdeseine\/wp-json\/wp\/v2\/posts\/6750","targetHints":{"allow":["GET"]}}],"collection":[{"href":"https:\/\/sites.ffkarate.fr\/hautsdeseine\/wp-json\/wp\/v2\/posts"}],"about":[{"href":"https:\/\/sites.ffkarate.fr\/hautsdeseine\/wp-json\/wp\/v2\/types\/post"}],"author":[{"embeddable":true,"href":"https:\/\/sites.ffkarate.fr\/hautsdeseine\/wp-json\/wp\/v2\/users\/87"}],"replies":[{"embeddable":true,"href":"https:\/\/sites.ffkarate.fr\/hautsdeseine\/wp-json\/wp\/v2\/comments?post=6750"}],"version-history":[{"count":0,"href":"https:\/\/sites.ffkarate.fr\/hautsdeseine\/wp-json\/wp\/v2\/posts\/6750\/revisions"}],"wp:featuredmedia":[{"embeddable":true,"href":"https:\/\/sites.ffkarate.fr\/hautsdeseine\/wp-json\/wp\/v2\/media\/6746"}],"wp:attachment":[{"href":"https:\/\/sites.ffkarate.fr\/hautsdeseine\/wp-json\/wp\/v2\/media?parent=6750"}],"wp:term":[{"taxonomy":"category","embeddable":true,"href":"https:\/\/sites.ffkarate.fr\/hautsdeseine\/wp-json\/wp\/v2\/categories?post=6750"},{"taxonomy":"post_tag","embeddable":true,"href":"https:\/\/sites.ffkarate.fr\/hautsdeseine\/wp-json\/wp\/v2\/tags?post=6750"}],"curies":[{"name":"wp","href":"https:\/\/api.w.org\/{rel}","templated":true}]}}