{"id":6785,"date":"2019-05-13T08:20:31","date_gmt":"2019-05-13T06:20:31","guid":{"rendered":"https:\/\/sites.ffkarate.fr\/hautsdeseine\/?post_type=news&amp;p=6785"},"modified":"2019-05-13T08:20:31","modified_gmt":"2019-05-13T06:20:31","slug":"stage-avec-dominique-valera","status":"publish","type":"post","link":"https:\/\/sites.ffkarate.fr\/hautsdeseine\/2019\/05\/13\/stage-avec-dominique-valera\/","title":{"rendered":"Stage avec Dominique VALERA"},"content":{"rendered":"<div class=\"wpb-content-wrapper\"><p>[vc_row][vc_column][vc_column_text]L&rsquo;<strong>ASBR Karat\u00e9<\/strong>\u00a0organise un stage de Karat\u00e9 Contact avec\u00a0<strong>Dominique VALERA\u00a0<\/strong>(<em>9\u00e8me dan &#8211; Expert F\u00e9d\u00e9ral<\/em>) le\u00a0<strong>jeudi 6 juin 2019<\/strong>\u00a0\u00e0\u00a0<strong>Bourg La Reine<\/strong>\u00a0\u00e0 partir de<strong>\u00a020h00<\/strong>.<!--more--><\/p>\n<p><strong>Stage ouvert \u00e0\u00a0tous<\/strong>. Une participation de\u00a0<strong>15\u00a0\u20ac<\/strong>\u00a0sera demand\u00e9e \u00e0 chaque personne se joignant au stage.<\/p>\n<p><span style=\"color: #1423a0\"><strong>Adresse :<\/strong><\/span><br \/>\nGymnase des Bas Coquarts<br \/>\n8, avenue de Montrouge<br \/>\n92 340 Bourg-La-Reine<\/p>\n<p><span style=\"color: #1423a0\"><strong>Renseignements :<\/strong><\/span><br \/>\n<span style=\"color: #003366\"><strong><span style=\"color: #000000\">Jos\u00e9 LOBO<\/span><br \/>\n<\/strong><span style=\"color: #000000\">T\u00e8l :\u00a006 95 06 97 02<\/span><br \/>\n<span style=\"color: #000000\">Mail (<em>pr\u00e9-inscriptions<\/em>) :<\/span><strong><span style=\"color: #1423a0\">\u00a0<strong><a style=\"color: #1423a0\" href=\"mailto:gilles.asbrkarate@free.fr\" target=\"_blank\" rel=\"noopener\">gilles.asbrkarate@free.fr<\/a><\/strong><\/span><br \/>\n<\/strong><\/span><\/p>\n<p><span style=\"color: #1423a0\"><strong><a style=\"color: #1423a0\" href=\"https:\/\/sites.ffkarate.fr\/hautsdeseine\/wp-content\/uploads\/sites\/57\/2019\/05\/20190606_Stage_VALERA_Affiche_V1.0.pdf\" target=\"_blank\" rel=\"noopener\">Affiche du stage au\u00a0format PDF<\/a>\u00a0<\/strong><\/span><strong>\u2b05<strong>\u00a0<\/strong><\/strong>Cliquez sur ce lien<\/p>\n<p><img decoding=\"async\" class=\" wp-image-6780 aligncenter\" src=\"https:\/\/sites.ffkarate.fr\/hautsdeseine\/wp-content\/uploads\/sites\/4\/2019\/05\/20190606_Stage_VALERA_Affiche_V1.0-791x1024.jpg\" alt=\"20190606_Stage_VALERA_Affiche_V1.0\" width=\"600\" height=\"776\" \/>[\/vc_column_text][\/vc_column][\/vc_row]<\/p>\n<\/div>","protected":false},"excerpt":{"rendered":"<p>[vc_row][vc_column][vc_column_text]L&rsquo;ASBR Karat\u00e9\u00a0organise un stage de Karat\u00e9 Contact avec\u00a0Dominique VALERA\u00a0(9\u00e8me dan &#8211; Expert F\u00e9d\u00e9ral) le\u00a0jeudi 6 juin 2019\u00a0\u00e0\u00a0Bourg La Reine\u00a0\u00e0 partir de\u00a020h00.<\/p>\n","protected":false},"author":87,"featured_media":6780,"comment_status":"closed","ping_status":"closed","sticky":false,"template":"","format":"standard","meta":{"footnotes":""},"categories":[1],"tags":[],"class_list":["post-6785","post","type-post","status-publish","format-standard","hentry","category-non-classe"],"_links":{"self":[{"href":"https:\/\/sites.ffkarate.fr\/hautsdeseine\/wp-json\/wp\/v2\/posts\/6785","targetHints":{"allow":["GET"]}}],"collection":[{"href":"https:\/\/sites.ffkarate.fr\/hautsdeseine\/wp-json\/wp\/v2\/posts"}],"about":[{"href":"https:\/\/sites.ffkarate.fr\/hautsdeseine\/wp-json\/wp\/v2\/types\/post"}],"author":[{"embeddable":true,"href":"https:\/\/sites.ffkarate.fr\/hautsdeseine\/wp-json\/wp\/v2\/users\/87"}],"replies":[{"embeddable":true,"href":"https:\/\/sites.ffkarate.fr\/hautsdeseine\/wp-json\/wp\/v2\/comments?post=6785"}],"version-history":[{"count":0,"href":"https:\/\/sites.ffkarate.fr\/hautsdeseine\/wp-json\/wp\/v2\/posts\/6785\/revisions"}],"wp:featuredmedia":[{"embeddable":true,"href":"https:\/\/sites.ffkarate.fr\/hautsdeseine\/wp-json\/wp\/v2\/media\/6780"}],"wp:attachment":[{"href":"https:\/\/sites.ffkarate.fr\/hautsdeseine\/wp-json\/wp\/v2\/media?parent=6785"}],"wp:term":[{"taxonomy":"category","embeddable":true,"href":"https:\/\/sites.ffkarate.fr\/hautsdeseine\/wp-json\/wp\/v2\/categories?post=6785"},{"taxonomy":"post_tag","embeddable":true,"href":"https:\/\/sites.ffkarate.fr\/hautsdeseine\/wp-json\/wp\/v2\/tags?post=6785"}],"curies":[{"name":"wp","href":"https:\/\/api.w.org\/{rel}","templated":true}]}}