{"id":6795,"date":"2019-05-14T09:35:27","date_gmt":"2019-05-14T07:35:27","guid":{"rendered":"https:\/\/sites.ffkarate.fr\/hautsdeseine\/?post_type=news&amp;p=6795"},"modified":"2019-05-14T09:35:27","modified_gmt":"2019-05-14T07:35:27","slug":"cpe-france-combats-pupilles","status":"publish","type":"post","link":"https:\/\/sites.ffkarate.fr\/hautsdeseine\/2019\/05\/14\/cpe-france-combats-pupilles\/","title":{"rendered":"CPE FRANCE COMBATS PUPILLES"},"content":{"rendered":"<div class=\"wpb-content-wrapper\"><p>[vc_row][vc_column][vc_column_text]Le\u00a0<strong>samedi 11 et dimanche 12 mai\u00a0<\/strong><strong>2019<\/strong>, avait lieu\u00a0la\u00a0<strong>Coupe de France Combats pour les pupilles<\/strong>\u00a0\u00e0 Villebon-Sur-Yvette (91). Le CDK92 remporte une belle m\u00e9daille de bronze par l&rsquo;interm\u00e9diaire d&rsquo;Aurore !! Le d\u00e9partement la f\u00e9licite pour ce tr\u00e8s beau r\u00e9sultat.<!--more--><\/p>\n<p><strong>3\u00e8me\u00a0place :<\/strong><\/p>\n<ul>\n<li><strong>Aurore DESPUJOL\u00a0<\/strong>(<em>IGKDF Vanves<\/em>) &#8211;\u00a0Pupille\u00a0f\u00e9minine -35kg<\/li>\n<\/ul>\n<p><a href=\"https:\/\/sites.ffkarate.fr\/hautsdeseine\/wp-content\/uploads\/sites\/57\/2019\/05\/20190511-12_CPE_FRANCE_COMBATS_PUPILLES_Resultats_V1.0.pdf\" target=\"_blank\" rel=\"noopener\"><span style=\"color: #1423a0\"><strong>R\u00e9sultats\u00a0de la\u00a0<strong>Coupe de France Combats pupilles<\/strong>\u00a0du samedi 11 et dimanche 12 mai<\/strong><\/span><span style=\"color: #1423a0\"><strong>\u00a02019<\/strong><\/span><\/a>\u00a0\u2b05\ufe0f\u00a0Cliquez sur ce lien<\/p>\n<p><a href=\"https:\/\/sites.ffkarate.fr\/hautsdeseine\/wp-content\/uploads\/sites\/57\/2019\/05\/20190511-12_CPE_FRANCE_COMBATS_PUPILLES_Aurore_IGKDF_3eme.jpg\"><img decoding=\"async\" class=\" wp-image-6791 aligncenter\" src=\"https:\/\/sites.ffkarate.fr\/hautsdeseine\/wp-content\/uploads\/sites\/57\/2019\/05\/20190511-12_CPE_FRANCE_COMBATS_PUPILLES_Aurore_IGKDF_3eme.jpg\" alt=\"20190511-12_CPE_FRANCE_COMBATS_PUPILLES_Aurore_IGKDF_3eme\" width=\"600\" height=\"450\" \/><\/a><\/p>\n<p style=\"text-align: center\"><strong>Aurore DESPUJOL\u00a0<\/strong>(<em>IGKDF Vanves<\/em>) &#8211;\u00a0<strong>3\u00e8me<\/strong>\u00a0&#8211; Pupille\u00a0f\u00e9minine -35kg<\/p>\n<p style=\"text-align: center\">(<em>1\u00e8re<\/em>\u00a0<em>en partant de la droite sur la photo<\/em>)<\/p>\n<p>[\/vc_column_text][\/vc_column][\/vc_row]<\/p>\n<\/div>","protected":false},"excerpt":{"rendered":"<p>[vc_row][vc_column][vc_column_text]Le\u00a0samedi 11 et dimanche 12 mai\u00a02019, avait lieu\u00a0la\u00a0Coupe de France Combats pour les pupilles\u00a0\u00e0 Villebon-Sur-Yvette (91). Le CDK92 remporte une belle m\u00e9daille de bronze par l&rsquo;interm\u00e9diaire d&rsquo;Aurore !! Le d\u00e9partement la f\u00e9licite pour ce tr\u00e8s beau r\u00e9sultat.<\/p>\n","protected":false},"author":87,"featured_media":6791,"comment_status":"closed","ping_status":"closed","sticky":false,"template":"","format":"standard","meta":{"footnotes":""},"categories":[1],"tags":[],"class_list":["post-6795","post","type-post","status-publish","format-standard","hentry","category-non-classe"],"_links":{"self":[{"href":"https:\/\/sites.ffkarate.fr\/hautsdeseine\/wp-json\/wp\/v2\/posts\/6795","targetHints":{"allow":["GET"]}}],"collection":[{"href":"https:\/\/sites.ffkarate.fr\/hautsdeseine\/wp-json\/wp\/v2\/posts"}],"about":[{"href":"https:\/\/sites.ffkarate.fr\/hautsdeseine\/wp-json\/wp\/v2\/types\/post"}],"author":[{"embeddable":true,"href":"https:\/\/sites.ffkarate.fr\/hautsdeseine\/wp-json\/wp\/v2\/users\/87"}],"replies":[{"embeddable":true,"href":"https:\/\/sites.ffkarate.fr\/hautsdeseine\/wp-json\/wp\/v2\/comments?post=6795"}],"version-history":[{"count":0,"href":"https:\/\/sites.ffkarate.fr\/hautsdeseine\/wp-json\/wp\/v2\/posts\/6795\/revisions"}],"wp:featuredmedia":[{"embeddable":true,"href":"https:\/\/sites.ffkarate.fr\/hautsdeseine\/wp-json\/wp\/v2\/media\/6791"}],"wp:attachment":[{"href":"https:\/\/sites.ffkarate.fr\/hautsdeseine\/wp-json\/wp\/v2\/media?parent=6795"}],"wp:term":[{"taxonomy":"category","embeddable":true,"href":"https:\/\/sites.ffkarate.fr\/hautsdeseine\/wp-json\/wp\/v2\/categories?post=6795"},{"taxonomy":"post_tag","embeddable":true,"href":"https:\/\/sites.ffkarate.fr\/hautsdeseine\/wp-json\/wp\/v2\/tags?post=6795"}],"curies":[{"name":"wp","href":"https:\/\/api.w.org\/{rel}","templated":true}]}}