{"id":6807,"date":"2019-05-17T09:12:40","date_gmt":"2019-05-17T07:12:40","guid":{"rendered":"https:\/\/sites.ffkarate.fr\/hautsdeseine\/?post_type=news&amp;p=6807"},"modified":"2019-05-17T09:12:40","modified_gmt":"2019-05-17T07:12:40","slug":"entrainement-departemental-contact","status":"publish","type":"post","link":"https:\/\/sites.ffkarate.fr\/hautsdeseine\/2019\/05\/17\/entrainement-departemental-contact\/","title":{"rendered":"Entrainement D\u00e9partemental Contact"},"content":{"rendered":"<div class=\"wpb-content-wrapper\"><p>[vc_row][vc_column][vc_column_text]<\/p>\n<p style=\"font-weight: 400\">La commission\u00a0<strong>Karat\u00e9 Contact<\/strong>\u00a0et\u00a0<strong>Karat\u00e9 Full Contact<\/strong>\u00a0du\u00a0<strong>Comit\u00e9 D\u00e9partemental de Karat\u00e9 des Hauts-De-Seine<\/strong>\u00a0vous propose un\u00a0entra\u00eenement d\u00e9partemental le\u00a0<strong>samedi 25 mai 2019<\/strong>\u00a0\u00e0 Garches (92) de\u00a0<strong>14h00<\/strong>\u00a0\u00e0\u00a0<strong>17h00<\/strong>\u00a0avec\u00a0<strong>Jean CARBONNIER<\/strong>\u00a0(8<em>\u00e8me dan de Karat\u00e9 Contact<\/em>) et\u00a0<strong>Francis PLANA<\/strong>\u00a0(5<em>\u00e8me dan de Karat\u00e9 Contact<\/em>).<\/p>\n<p style=\"font-weight: 400\"><!--more--><\/p>\n<p style=\"font-weight: 400\">Ces entra\u00eenements sont\u00a0<strong>gratuits<\/strong>\u00a0et\u00a0<strong>ouvert \u00e0 tous<\/strong>\u00a0\u00e0 partir de 14 ans.<\/p>\n<p style=\"font-weight: 400\"><strong style=\"font-weight: 400\">Th\u00e8me<\/strong>\u00a0: \u00ab\u00a0<em>Travail au sac, multidirectionnel, assauts dirig\u00e9s\u00a0et assauts libre et pr\u00e9sentation passage de grade KTAC et KFC<\/em>\u00ab\u00a0<\/p>\n<p><span style=\"color: #dc2d5a\"><strong>Adresse :<\/strong><\/span><br \/>\nGymnase\u00a0Les Meuries<br \/>\n20 rue de Suresnes<br \/>\n92 380 Garches<\/p>\n<p><span style=\"color: #dc2d5a\"><strong>Contacts :<\/strong><\/span><br \/>\n<strong>Francis PLANA<\/strong>\u00a0ou<strong>\u00a0Jean CARBONNIER<\/strong><br \/>\nMail :\u00a0<span style=\"color: #000000\"><span style=\"color: #1423a0\"><strong><a style=\"color: #1423a0\" href=\"mailto:plana.francis@numericable.fr\">plana.francis@numericable.fr<\/a><\/strong><\/span>\u00a0ou\u00a0<\/span><span style=\"color: #1423a0\"><strong><a style=\"color: #1423a0\" href=\"mailto:jcarbier0744@orange.fr\">jcarbier0744@orange.fr<\/a><\/strong><\/span><br \/>\nT\u00e8l. : 06 09 65 34 40 ou 06 60 65 80 84<\/p>\n<p><strong><span style=\"color: #1423a0\"><a style=\"color: #1423a0\" href=\"https:\/\/sites.ffkarate.fr\/hautsdeseine\/wp-content\/uploads\/sites\/57\/2019\/05\/20190525_EE_CONTACT_Affiche_V1.0.pdf\" target=\"_blank\" rel=\"noopener\">Affiche\u00a0du stage au format PDF<\/a><\/span>\u00a0\u2b05\u00a0<\/strong>Cliquez sur ce lien<\/p>\n<p><img decoding=\"async\" class=\" wp-image-6802 aligncenter\" src=\"https:\/\/sites.ffkarate.fr\/hautsdeseine\/wp-content\/uploads\/sites\/57\/2019\/05\/20190525_EE_CONTACT_Affiche_V1.0-768x1024.jpg\" alt=\"20190525_EE_CONTACT_Affiche_V1.0\" width=\"600\" height=\"800\" \/>[\/vc_column_text][\/vc_column][\/vc_row]<\/p>\n<\/div>","protected":false},"excerpt":{"rendered":"<p>[vc_row][vc_column][vc_column_text] La commission\u00a0Karat\u00e9 Contact\u00a0et\u00a0Karat\u00e9 Full Contact\u00a0du\u00a0Comit\u00e9 D\u00e9partemental de Karat\u00e9 des Hauts-De-Seine\u00a0vous propose un\u00a0entra\u00eenement d\u00e9partemental le\u00a0samedi 25 mai 2019\u00a0\u00e0 Garches (92) de\u00a014h00\u00a0\u00e0\u00a017h00\u00a0avec\u00a0Jean CARBONNIER\u00a0(8\u00e8me dan de Karat\u00e9 Contact) et\u00a0Francis PLANA\u00a0(5\u00e8me dan de Karat\u00e9 Contact).<\/p>\n","protected":false},"author":87,"featured_media":6802,"comment_status":"closed","ping_status":"closed","sticky":false,"template":"","format":"standard","meta":{"footnotes":""},"categories":[1],"tags":[],"class_list":["post-6807","post","type-post","status-publish","format-standard","hentry","category-non-classe"],"_links":{"self":[{"href":"https:\/\/sites.ffkarate.fr\/hautsdeseine\/wp-json\/wp\/v2\/posts\/6807","targetHints":{"allow":["GET"]}}],"collection":[{"href":"https:\/\/sites.ffkarate.fr\/hautsdeseine\/wp-json\/wp\/v2\/posts"}],"about":[{"href":"https:\/\/sites.ffkarate.fr\/hautsdeseine\/wp-json\/wp\/v2\/types\/post"}],"author":[{"embeddable":true,"href":"https:\/\/sites.ffkarate.fr\/hautsdeseine\/wp-json\/wp\/v2\/users\/87"}],"replies":[{"embeddable":true,"href":"https:\/\/sites.ffkarate.fr\/hautsdeseine\/wp-json\/wp\/v2\/comments?post=6807"}],"version-history":[{"count":0,"href":"https:\/\/sites.ffkarate.fr\/hautsdeseine\/wp-json\/wp\/v2\/posts\/6807\/revisions"}],"wp:featuredmedia":[{"embeddable":true,"href":"https:\/\/sites.ffkarate.fr\/hautsdeseine\/wp-json\/wp\/v2\/media\/6802"}],"wp:attachment":[{"href":"https:\/\/sites.ffkarate.fr\/hautsdeseine\/wp-json\/wp\/v2\/media?parent=6807"}],"wp:term":[{"taxonomy":"category","embeddable":true,"href":"https:\/\/sites.ffkarate.fr\/hautsdeseine\/wp-json\/wp\/v2\/categories?post=6807"},{"taxonomy":"post_tag","embeddable":true,"href":"https:\/\/sites.ffkarate.fr\/hautsdeseine\/wp-json\/wp\/v2\/tags?post=6807"}],"curies":[{"name":"wp","href":"https:\/\/api.w.org\/{rel}","templated":true}]}}