{"id":8532,"date":"2021-01-11T14:05:46","date_gmt":"2021-01-11T13:05:46","guid":{"rendered":"https:\/\/sites.ffkarate.fr\/hautsdeseine\/?post_type=news&amp;p=8532"},"modified":"2021-01-11T14:05:46","modified_gmt":"2021-01-11T13:05:46","slug":"un-nouveau-7eme-dan-sur-le-departement","status":"publish","type":"post","link":"https:\/\/sites.ffkarate.fr\/hautsdeseine\/2021\/01\/11\/un-nouveau-7eme-dan-sur-le-departement\/","title":{"rendered":"Un nouveau 7\u00e8me dan sur le d\u00e9partement"},"content":{"rendered":"<div class=\"wpb-content-wrapper\"><p>[vc_row][vc_column][vc_column_text]<\/p>\n<div class=\"o9v6fnle cxmmr5t8 oygrvhab hcukyx3x c1et5uql ii04i59q\">\n<div dir=\"auto\">Le CDK92 f\u00e9licite <span style=\"color: #1423a0\"><strong>Karim BOUSSOUIRA<\/strong><\/span> pour l\u2019obtention ce week-end de son 7\u00e8me dan.<\/div>\n<\/div>\n<p><!--more--><br \/>\nKarim en plus d\u2019\u00eatre tr\u00e8s actif sur le d\u00e9partement, forme depuis plusieurs ann\u00e9es de nombreux champions et ceintures noires dans son club\u00a0du <strong><span style=\"color: #dc2d5a\">SKC Villeneuve-La-Garenne<\/span><\/strong>.<\/p>\n<p>C\u2019est un grand honneur pour le d\u00e9partement et ses \u00e9l\u00e8ves d\u2019avoir un nouveau haut grad\u00e9.<\/p>\n<p><a href=\"https:\/\/sites.ffkarate.fr\/hautsdeseine\/wp-content\/uploads\/sites\/57\/2021\/01\/20210111_Karim_7eme_Dan.jpg\"><img decoding=\"async\" class=\"aligncenter wp-image-8531\" src=\"https:\/\/sites.ffkarate.fr\/hautsdeseine\/wp-content\/uploads\/sites\/57\/2021\/01\/20210111_Karim_7eme_Dan-748x1024.jpg\" alt=\"20210111_Karim_7eme_Dan\" width=\"600\" height=\"822\" \/><\/a>[\/vc_column_text][\/vc_column][\/vc_row]<\/p>\n<\/div>","protected":false},"excerpt":{"rendered":"<p>[vc_row][vc_column][vc_column_text] Le CDK92 f\u00e9licite Karim BOUSSOUIRA pour l\u2019obtention ce week-end de son 7\u00e8me dan.<\/p>\n","protected":false},"author":87,"featured_media":8531,"comment_status":"closed","ping_status":"closed","sticky":false,"template":"","format":"standard","meta":{"footnotes":""},"categories":[1],"tags":[],"class_list":["post-8532","post","type-post","status-publish","format-standard","hentry","category-non-classe"],"_links":{"self":[{"href":"https:\/\/sites.ffkarate.fr\/hautsdeseine\/wp-json\/wp\/v2\/posts\/8532","targetHints":{"allow":["GET"]}}],"collection":[{"href":"https:\/\/sites.ffkarate.fr\/hautsdeseine\/wp-json\/wp\/v2\/posts"}],"about":[{"href":"https:\/\/sites.ffkarate.fr\/hautsdeseine\/wp-json\/wp\/v2\/types\/post"}],"author":[{"embeddable":true,"href":"https:\/\/sites.ffkarate.fr\/hautsdeseine\/wp-json\/wp\/v2\/users\/87"}],"replies":[{"embeddable":true,"href":"https:\/\/sites.ffkarate.fr\/hautsdeseine\/wp-json\/wp\/v2\/comments?post=8532"}],"version-history":[{"count":0,"href":"https:\/\/sites.ffkarate.fr\/hautsdeseine\/wp-json\/wp\/v2\/posts\/8532\/revisions"}],"wp:featuredmedia":[{"embeddable":true,"href":"https:\/\/sites.ffkarate.fr\/hautsdeseine\/wp-json\/wp\/v2\/media\/8531"}],"wp:attachment":[{"href":"https:\/\/sites.ffkarate.fr\/hautsdeseine\/wp-json\/wp\/v2\/media?parent=8532"}],"wp:term":[{"taxonomy":"category","embeddable":true,"href":"https:\/\/sites.ffkarate.fr\/hautsdeseine\/wp-json\/wp\/v2\/categories?post=8532"},{"taxonomy":"post_tag","embeddable":true,"href":"https:\/\/sites.ffkarate.fr\/hautsdeseine\/wp-json\/wp\/v2\/tags?post=8532"}],"curies":[{"name":"wp","href":"https:\/\/api.w.org\/{rel}","templated":true}]}}