{"id":8559,"date":"2021-02-14T18:42:02","date_gmt":"2021-02-14T17:42:02","guid":{"rendered":"https:\/\/sites.ffkarate.fr\/hautsdeseine\/?post_type=news&#038;p=8559"},"modified":"2021-06-13T21:52:15","modified_gmt":"2021-06-13T19:52:15","slug":"stage-arbitrage-sur-zoom-2","status":"publish","type":"post","link":"https:\/\/sites.ffkarate.fr\/hautsdeseine\/2021\/02\/14\/stage-arbitrage-sur-zoom-2\/","title":{"rendered":"Stage arbitrage sur Zoom"},"content":{"rendered":"<div class=\"wpb-content-wrapper\"><p>[vc_row][vc_column][vc_column_text]Le <strong><span style=\"color: #1423a0\">samedi 13 f\u00e9vrier 2021<\/span><\/strong> avait lieu un stage d&rsquo;arbitrage en\u00a0<span style=\"text-decoration: underline\"><strong>visio<\/strong><\/span>\u00a0organis\u00e9\u00a0conjointement entre les Comit\u00e9s D\u00e9partementaux de Karat\u00e9 de Paris, des Yvelines et des Hauts-De-Seine.<!--more--><\/p>\n<p>Ce stage auquel 45 arbitres ont particip\u00e9 et anim\u00e9 par les responsables de l&rsquo;arbitrage d\u00e9partemental,\u00a0<strong>Nacer BOUHALI\u00a0<\/strong>(Paris),\u00a0<strong>Mohammed DAOUD\u00a0<\/strong>(Hauts-De-Seine) et\u00a0<strong>Youcef MEZAHEM\u00a0<\/strong>(Yvelines) a permis de garder le lien avec les arbitres. D&rsquo;une dur\u00e9e de presque 3 heures, les juges et arbitres ont pu d\u00e9battre sur des\u00a0analyse vid\u00e9os en Kumite et Kata et\u00a0sur des exercices de rep\u00eachage.<\/p>\n<p>Le prochain stage portera sur le logiciel de comp\u00e9tition, la vid\u00e9o replay et les t\u00e2ches administratives avec bien \u00e9videmment un rappel sur le r\u00e8glement Kata et Kumite.<\/p>\n<p><a href=\"https:\/\/sites.ffkarate.fr\/hautsdeseine\/wp-content\/uploads\/sites\/57\/2021\/02\/001.jpg\"><img decoding=\"async\" class=\"aligncenter wp-image-8561\" src=\"https:\/\/sites.ffkarate.fr\/hautsdeseine\/wp-content\/uploads\/sites\/57\/2021\/02\/001-1024x576.jpg\" alt=\"001\" width=\"600\" height=\"338\" \/><\/a><\/p>\n<p>&nbsp;<\/p>\n<p>&nbsp;[\/vc_column_text][\/vc_column][\/vc_row]<\/p>\n<\/div>","protected":false},"excerpt":{"rendered":"<p>[vc_row][vc_column][vc_column_text]Le samedi 13 f\u00e9vrier 2021 avait lieu un stage d&rsquo;arbitrage en\u00a0visio\u00a0organis\u00e9\u00a0conjointement entre les Comit\u00e9s D\u00e9partementaux de Karat\u00e9 de Paris, des Yvelines et des Hauts-De-Seine.<\/p>\n","protected":false},"author":87,"featured_media":8561,"comment_status":"closed","ping_status":"closed","sticky":false,"template":"","format":"standard","meta":{"footnotes":""},"categories":[8,1],"tags":[],"class_list":["post-8559","post","type-post","status-publish","format-standard","hentry","category-arbitrage","category-non-classe"],"_links":{"self":[{"href":"https:\/\/sites.ffkarate.fr\/hautsdeseine\/wp-json\/wp\/v2\/posts\/8559","targetHints":{"allow":["GET"]}}],"collection":[{"href":"https:\/\/sites.ffkarate.fr\/hautsdeseine\/wp-json\/wp\/v2\/posts"}],"about":[{"href":"https:\/\/sites.ffkarate.fr\/hautsdeseine\/wp-json\/wp\/v2\/types\/post"}],"author":[{"embeddable":true,"href":"https:\/\/sites.ffkarate.fr\/hautsdeseine\/wp-json\/wp\/v2\/users\/87"}],"replies":[{"embeddable":true,"href":"https:\/\/sites.ffkarate.fr\/hautsdeseine\/wp-json\/wp\/v2\/comments?post=8559"}],"version-history":[{"count":1,"href":"https:\/\/sites.ffkarate.fr\/hautsdeseine\/wp-json\/wp\/v2\/posts\/8559\/revisions"}],"predecessor-version":[{"id":9027,"href":"https:\/\/sites.ffkarate.fr\/hautsdeseine\/wp-json\/wp\/v2\/posts\/8559\/revisions\/9027"}],"wp:featuredmedia":[{"embeddable":true,"href":"https:\/\/sites.ffkarate.fr\/hautsdeseine\/wp-json\/wp\/v2\/media\/8561"}],"wp:attachment":[{"href":"https:\/\/sites.ffkarate.fr\/hautsdeseine\/wp-json\/wp\/v2\/media?parent=8559"}],"wp:term":[{"taxonomy":"category","embeddable":true,"href":"https:\/\/sites.ffkarate.fr\/hautsdeseine\/wp-json\/wp\/v2\/categories?post=8559"},{"taxonomy":"post_tag","embeddable":true,"href":"https:\/\/sites.ffkarate.fr\/hautsdeseine\/wp-json\/wp\/v2\/tags?post=8559"}],"curies":[{"name":"wp","href":"https:\/\/api.w.org\/{rel}","templated":true}]}}