{"id":8850,"date":"2021-06-01T08:32:43","date_gmt":"2021-06-01T06:32:43","guid":{"rendered":"https:\/\/sites.ffkarate.fr\/hautsdeseine\/?p=8850"},"modified":"2021-06-02T07:12:59","modified_gmt":"2021-06-02T05:12:59","slug":"photos-du-stage-de-bodykarate-31-05-2021","status":"publish","type":"post","link":"https:\/\/sites.ffkarate.fr\/hautsdeseine\/2021\/06\/01\/photos-du-stage-de-bodykarate-31-05-2021\/","title":{"rendered":"Photos du stage de BodyKarate &#8211; 31.05.2021"},"content":{"rendered":"<div class=\"wpb-content-wrapper\"><p>[vc_row][vc_column][vc_column_text]Le <strong><span style=\"color: #1423a0\">dimanche 31 mai 2021<\/span><\/strong> avait lieu un stage de<strong><span style=\"color: #dc2d5a\"> BodyKarate<\/span><\/strong> organis\u00e9 par le Comit\u00e9 D\u00e9partemental des Hauts-De-Seine et dirig\u00e9 par <span style=\"color: #1423a0\"><strong>Cynthia<\/strong> <strong>RANDRIAMIALISON<\/strong><\/span>.<!--more--><\/p>\n<p>Retour en images sur ce stage r\u00e9alis\u00e9 en pr\u00e9sentiel et par Zoom !! Au cumul\u00e9 plus de <strong><span style=\"color: #dc2d5a\">20 participants<\/span><\/strong> pour ce premier stage d\u00e9partemental de BodyKarat\u00e9 !! Un v\u00e9ritable succ\u00e8s. Un grand merci \u00e0 Cynthia pour son animation et ses chor\u00e9graphies tr\u00e8s rythm\u00e9es !!<\/p>\n<p>Un grand bravo \u00e9galement \u00e0 tous les participants. Vous pouvez retrouvez la suite des photos sur notre page <strong><span style=\"color: #1423a0\">Facebook<\/span><\/strong> en cliquant <strong><span style=\"color: #dc2d5a\"><a style=\"color: #dc2d5a\" href=\"https:\/\/www.facebook.com\/media\/set?vanity=CDKarate92&amp;set=a.4655981521112519\" target=\"_blank\" rel=\"noopener\">ICI<\/a><\/span><\/strong>.[\/vc_column_text][\/vc_column][\/vc_row][vc_row][vc_column][vc_gallery images=\u00a0\u00bb8854,8853,8852,8851,8849,8848&Prime;][\/vc_column][\/vc_row]<\/p>\n<\/div>","protected":false},"excerpt":{"rendered":"<p>[vc_row][vc_column][vc_column_text]Le dimanche 31 mai 2021 avait lieu un stage de BodyKarate organis\u00e9 par le Comit\u00e9 D\u00e9partemental des Hauts-De-Seine et dirig\u00e9 par Cynthia RANDRIAMIALISON.<\/p>\n","protected":false},"author":87,"featured_media":8852,"comment_status":"closed","ping_status":"closed","sticky":false,"template":"","format":"standard","meta":{"footnotes":""},"categories":[68,19],"tags":[63],"class_list":["post-8850","post","type-post","status-publish","format-standard","hentry","category-body-karate","category-stages","tag-stages"],"_links":{"self":[{"href":"https:\/\/sites.ffkarate.fr\/hautsdeseine\/wp-json\/wp\/v2\/posts\/8850","targetHints":{"allow":["GET"]}}],"collection":[{"href":"https:\/\/sites.ffkarate.fr\/hautsdeseine\/wp-json\/wp\/v2\/posts"}],"about":[{"href":"https:\/\/sites.ffkarate.fr\/hautsdeseine\/wp-json\/wp\/v2\/types\/post"}],"author":[{"embeddable":true,"href":"https:\/\/sites.ffkarate.fr\/hautsdeseine\/wp-json\/wp\/v2\/users\/87"}],"replies":[{"embeddable":true,"href":"https:\/\/sites.ffkarate.fr\/hautsdeseine\/wp-json\/wp\/v2\/comments?post=8850"}],"version-history":[{"count":3,"href":"https:\/\/sites.ffkarate.fr\/hautsdeseine\/wp-json\/wp\/v2\/posts\/8850\/revisions"}],"predecessor-version":[{"id":8857,"href":"https:\/\/sites.ffkarate.fr\/hautsdeseine\/wp-json\/wp\/v2\/posts\/8850\/revisions\/8857"}],"wp:featuredmedia":[{"embeddable":true,"href":"https:\/\/sites.ffkarate.fr\/hautsdeseine\/wp-json\/wp\/v2\/media\/8852"}],"wp:attachment":[{"href":"https:\/\/sites.ffkarate.fr\/hautsdeseine\/wp-json\/wp\/v2\/media?parent=8850"}],"wp:term":[{"taxonomy":"category","embeddable":true,"href":"https:\/\/sites.ffkarate.fr\/hautsdeseine\/wp-json\/wp\/v2\/categories?post=8850"},{"taxonomy":"post_tag","embeddable":true,"href":"https:\/\/sites.ffkarate.fr\/hautsdeseine\/wp-json\/wp\/v2\/tags?post=8850"}],"curies":[{"name":"wp","href":"https:\/\/api.w.org\/{rel}","templated":true}]}}