{"id":9285,"date":"2021-07-06T21:03:57","date_gmt":"2021-07-06T19:03:57","guid":{"rendered":"https:\/\/sites.ffkarate.fr\/hautsdeseine\/?p=9285"},"modified":"2021-07-06T21:05:00","modified_gmt":"2021-07-06T19:05:00","slug":"coupe-de-france-wado-04-07-2021","status":"publish","type":"post","link":"https:\/\/sites.ffkarate.fr\/hautsdeseine\/2021\/07\/06\/coupe-de-france-wado-04-07-2021\/","title":{"rendered":"Coupe de France Wado &#8211; 04.07.2021"},"content":{"rendered":"<div class=\"wpb-content-wrapper\"><p>[vc_row][vc_column][vc_column_text]Le <span style=\"color: #1423a0\"><strong>dimanche 4 juillet 2021<\/strong><\/span>\u00a0s&rsquo;est d\u00e9roul\u00e9e la <strong><span style=\"color: #dc2d5a\">Coupe de France Wado<\/span><\/strong> \u00e0 <strong><span style=\"color: #1423a0\">Pont-\u00e0-Mousson<\/span><\/strong> (54). Un grand bravo au club de <span style=\"color: #dc2d5a\"><strong>Levallois<\/strong><\/span> qui remporte <span style=\"color: #1423a0\"><strong>5 m\u00e9dailles<\/strong><\/span> !<!--more--><\/p>\n<p><strong>2\u00e8me place :<\/strong><\/p>\n<ul>\n<li><strong>Jean-Yves RAZAKANDRAINA <\/strong>(<em>Levallois Sporting Club<\/em>) \u2013 V\u00e9t\u00e9ran 1 masculin kata<\/li>\n<\/ul>\n<p><strong>3\u00e8me place :<\/strong><\/p>\n<ul>\n<li><strong>Rafael RAMILIJAONA <\/strong>(<em>Levallois Sporting Club<\/em>) \u2013 Minime masculin -40 kg<\/li>\n<li><strong>Enzo KOLA <\/strong>(<em>Levallois Sporting Club<\/em>) \u2013 Minime masculin -50 kg<\/li>\n<li><strong>Loun\u00e8s CHERAIOU QUESSEVEUR <\/strong>(<em>Levallois Sporting Club<\/em>) \u2013 Minime masculin -65 kg<\/li>\n<li><strong>Maxime VONGKOTRATTANA <\/strong>(<em>Levallois Sporting Club<\/em>) \u2013 Minime masculin +65 kg<\/li>\n<\/ul>\n<p><span style=\"color: #1423a0\"><strong><a style=\"color: #1423a0\" href=\"http:\/\/20210604-06_KARATE1_YOUTH_LEAGUE_LIMASSOL_Resultats_V1.0\">R\u00e9sultats Coupe de France Wado &#8211; 04.07.2021<\/a><\/strong><\/span>\u00a0\u2b05\ufe0f\u00a0Cliquez sur ce lien<\/p>\n<p><em>De gauche \u00e0 droite sur la photo : Jean-Yves RAZAKANDRAINA, Rafael RAMILIJAONA, Loun\u00e8s CHERAIOU QUESSEVEUR, Enzo KOLA, Maxime VONGKOTRATTANA et leur professeur Dani RAMILIJAONA<\/em>[\/vc_column_text][\/vc_column][\/vc_row]<\/p>\n<\/div>","protected":false},"excerpt":{"rendered":"<p>[vc_row][vc_column][vc_column_text]Le dimanche 4 juillet 2021\u00a0s&rsquo;est d\u00e9roul\u00e9e la Coupe de France Wado \u00e0 Pont-\u00e0-Mousson (54). Un grand bravo au club de Levallois qui remporte 5 m\u00e9dailles !<\/p>\n","protected":false},"author":87,"featured_media":9281,"comment_status":"closed","ping_status":"closed","sticky":false,"template":"","format":"standard","meta":{"footnotes":""},"categories":[10],"tags":[77],"class_list":["post-9285","post","type-post","status-publish","format-standard","hentry","category-competitions","tag-competitions"],"_links":{"self":[{"href":"https:\/\/sites.ffkarate.fr\/hautsdeseine\/wp-json\/wp\/v2\/posts\/9285","targetHints":{"allow":["GET"]}}],"collection":[{"href":"https:\/\/sites.ffkarate.fr\/hautsdeseine\/wp-json\/wp\/v2\/posts"}],"about":[{"href":"https:\/\/sites.ffkarate.fr\/hautsdeseine\/wp-json\/wp\/v2\/types\/post"}],"author":[{"embeddable":true,"href":"https:\/\/sites.ffkarate.fr\/hautsdeseine\/wp-json\/wp\/v2\/users\/87"}],"replies":[{"embeddable":true,"href":"https:\/\/sites.ffkarate.fr\/hautsdeseine\/wp-json\/wp\/v2\/comments?post=9285"}],"version-history":[{"count":2,"href":"https:\/\/sites.ffkarate.fr\/hautsdeseine\/wp-json\/wp\/v2\/posts\/9285\/revisions"}],"predecessor-version":[{"id":9289,"href":"https:\/\/sites.ffkarate.fr\/hautsdeseine\/wp-json\/wp\/v2\/posts\/9285\/revisions\/9289"}],"wp:featuredmedia":[{"embeddable":true,"href":"https:\/\/sites.ffkarate.fr\/hautsdeseine\/wp-json\/wp\/v2\/media\/9281"}],"wp:attachment":[{"href":"https:\/\/sites.ffkarate.fr\/hautsdeseine\/wp-json\/wp\/v2\/media?parent=9285"}],"wp:term":[{"taxonomy":"category","embeddable":true,"href":"https:\/\/sites.ffkarate.fr\/hautsdeseine\/wp-json\/wp\/v2\/categories?post=9285"},{"taxonomy":"post_tag","embeddable":true,"href":"https:\/\/sites.ffkarate.fr\/hautsdeseine\/wp-json\/wp\/v2\/tags?post=9285"}],"curies":[{"name":"wp","href":"https:\/\/api.w.org\/{rel}","templated":true}]}}