{"id":9842,"date":"2021-10-25T17:57:04","date_gmt":"2021-10-25T15:57:04","guid":{"rendered":"https:\/\/sites.ffkarate.fr\/hautsdeseine\/?p=9842"},"modified":"2021-10-25T22:10:41","modified_gmt":"2021-10-25T20:10:41","slug":"resultats-open-de-france-kata-mcjs-23-24-10-2021","status":"publish","type":"post","link":"https:\/\/sites.ffkarate.fr\/hautsdeseine\/2021\/10\/25\/resultats-open-de-france-kata-mcjs-23-24-10-2021\/","title":{"rendered":"R\u00e9sultats &#8211; Open de France Kata (MCJS) &#8211; 23-24.10.2021"},"content":{"rendered":"<div class=\"wpb-content-wrapper\"><p>[vc_row][vc_column][vc_column_text]Le <strong><span style=\"color: #1423a0\">samedi\u00a0 23<\/span><\/strong>\u00a0et <strong><span style=\"color: #1423a0\">dimanche 24 octobre 2021<\/span><\/strong> avait lieu l&rsquo;<strong><span style=\"color: #dc2d5a\">Open de France Kata <\/span><\/strong>(MCJS) \u00e0 <strong><span style=\"color: #1423a0\">Paris<\/span><\/strong> (75). Le CDKarate92 remporte <strong><span style=\"color: #dc2d5a\">2 m\u00e9dailles<\/span><\/strong>, 1 en or et 1 en bronze. Un grand bravo au club et aux comp\u00e9titrices.<!--more--><\/p>\n<p><strong>1\u00e8re place :<\/strong><\/p>\n<ul>\n<li><strong>Ines ORDONEZ<\/strong> (<em>IGKDF Vanves<\/em>) &#8211; Minime f\u00e9minine<\/li>\n<\/ul>\n<p><strong>3\u00e8me place :<\/strong><\/p>\n<ul>\n<li><strong>Aurore DESPUJOL<\/strong> (<em>IGKDF Vanves<\/em>) &#8211; Minime f\u00e9minine<\/li>\n<\/ul>\n<p><span style=\"color: #1423a0\"><strong><a style=\"color: #1423a0\" href=\"https:\/\/sites.ffkarate.fr\/hautsdeseine\/wp-content\/uploads\/sites\/57\/2021\/10\/20211023-24_OPEN_FRANCE_KATA_Resultats_V1.0.pdf\">R\u00e9sultats de l&rsquo;Open de France Kata MCJS (23-24.10.2021)<\/a><\/strong><\/span> \u2b05 Cliquez sur le lien[\/vc_column_text][\/vc_column][\/vc_row]<\/p>\n<\/div>","protected":false},"excerpt":{"rendered":"<p>[vc_row][vc_column][vc_column_text]Le samedi\u00a0 23\u00a0et dimanche 24 octobre 2021 avait lieu l&rsquo;Open de France Kata (MCJS) \u00e0 Paris (75). Le CDKarate92 remporte 2 m\u00e9dailles, 1 en or et 1 en bronze. Un grand bravo au club et aux comp\u00e9titrices.<\/p>\n","protected":false},"author":87,"featured_media":9838,"comment_status":"closed","ping_status":"closed","sticky":false,"template":"","format":"standard","meta":{"footnotes":""},"categories":[5,10],"tags":[77],"class_list":["post-9842","post","type-post","status-publish","format-standard","hentry","category-actualites","category-competitions","tag-competitions"],"_links":{"self":[{"href":"https:\/\/sites.ffkarate.fr\/hautsdeseine\/wp-json\/wp\/v2\/posts\/9842","targetHints":{"allow":["GET"]}}],"collection":[{"href":"https:\/\/sites.ffkarate.fr\/hautsdeseine\/wp-json\/wp\/v2\/posts"}],"about":[{"href":"https:\/\/sites.ffkarate.fr\/hautsdeseine\/wp-json\/wp\/v2\/types\/post"}],"author":[{"embeddable":true,"href":"https:\/\/sites.ffkarate.fr\/hautsdeseine\/wp-json\/wp\/v2\/users\/87"}],"replies":[{"embeddable":true,"href":"https:\/\/sites.ffkarate.fr\/hautsdeseine\/wp-json\/wp\/v2\/comments?post=9842"}],"version-history":[{"count":4,"href":"https:\/\/sites.ffkarate.fr\/hautsdeseine\/wp-json\/wp\/v2\/posts\/9842\/revisions"}],"predecessor-version":[{"id":9847,"href":"https:\/\/sites.ffkarate.fr\/hautsdeseine\/wp-json\/wp\/v2\/posts\/9842\/revisions\/9847"}],"wp:featuredmedia":[{"embeddable":true,"href":"https:\/\/sites.ffkarate.fr\/hautsdeseine\/wp-json\/wp\/v2\/media\/9838"}],"wp:attachment":[{"href":"https:\/\/sites.ffkarate.fr\/hautsdeseine\/wp-json\/wp\/v2\/media?parent=9842"}],"wp:term":[{"taxonomy":"category","embeddable":true,"href":"https:\/\/sites.ffkarate.fr\/hautsdeseine\/wp-json\/wp\/v2\/categories?post=9842"},{"taxonomy":"post_tag","embeddable":true,"href":"https:\/\/sites.ffkarate.fr\/hautsdeseine\/wp-json\/wp\/v2\/tags?post=9842"}],"curies":[{"name":"wp","href":"https:\/\/api.w.org\/{rel}","templated":true}]}}