{"id":1007,"date":"2018-05-14T21:45:03","date_gmt":"2018-05-14T19:45:03","guid":{"rendered":"https:\/\/sites.ffkarate.fr\/herault\/?post_type=news&amp;p=1007"},"modified":"2018-05-14T21:45:03","modified_gmt":"2018-05-14T19:45:03","slug":"le-comite-de-lherault-a-prete-main-forte-lors-de-la-journee-citoyenne-educap-city","status":"publish","type":"post","link":"https:\/\/sites.ffkarate.fr\/herault\/2018\/05\/14\/le-comite-de-lherault-a-prete-main-forte-lors-de-la-journee-citoyenne-educap-city\/","title":{"rendered":"Le Comit\u00e9 de l&rsquo;H\u00e9rault a pr\u00eat\u00e9 main forte lors de la Journ\u00e9e citoyenne Educap City"},"content":{"rendered":"<div class=\"wpb-content-wrapper\"><p>[vc_row][vc_column][vc_column_text]Le Comit\u00e9 de l&rsquo;H\u00e9rault a pr\u00eat\u00e9 main forte lors de la Journ\u00e9e citoyenne Educap City \u00e0 Montpellier.<\/p>\n<p>La session Karat\u00e9 a \u00e9t\u00e9 anim\u00e9e par Hakim Hocine entra\u00eeneur r\u00e9gional et entra\u00eeneur du Collectif H\u00e9rault Combat de l&rsquo;H\u00e9rault.<\/p>\n<p>Une belle affluence pour faire d\u00e9couvrir le karat\u00e9 au plus grand nombre. Une vitrine \u00e9galement pour notre discipline aupr\u00e8s de diff\u00e9rents publics.<\/p>\n<p><a href=\"https:\/\/sites.ffkarate.fr\/herault\/wp-content\/uploads\/sites\/62\/2018\/05\/Hakim7.jpg\"><img decoding=\"async\" class=\"aligncenter size-full wp-image-1006\" src=\"https:\/\/sites.ffkarate.fr\/herault\/wp-content\/uploads\/sites\/62\/2018\/05\/Hakim7.jpg\" alt=\"Hakim7\" width=\"960\" height=\"720\" \/><\/a> <a href=\"https:\/\/sites.ffkarate.fr\/herault\/wp-content\/uploads\/sites\/62\/2018\/05\/Hakim6.jpg\"><img decoding=\"async\" class=\"aligncenter size-full wp-image-1005\" src=\"https:\/\/sites.ffkarate.fr\/herault\/wp-content\/uploads\/sites\/62\/2018\/05\/Hakim6.jpg\" alt=\"Hakim6\" width=\"960\" height=\"720\" \/><\/a> <a href=\"https:\/\/sites.ffkarate.fr\/herault\/wp-content\/uploads\/sites\/62\/2018\/05\/Hakim5.jpg\"><img decoding=\"async\" class=\"aligncenter size-full wp-image-1004\" src=\"https:\/\/sites.ffkarate.fr\/herault\/wp-content\/uploads\/sites\/62\/2018\/05\/Hakim5.jpg\" alt=\"Hakim5\" width=\"960\" height=\"720\" \/><\/a> <a href=\"https:\/\/sites.ffkarate.fr\/herault\/wp-content\/uploads\/sites\/62\/2018\/05\/Hakim4.jpg\"><img decoding=\"async\" class=\"aligncenter size-full wp-image-1003\" src=\"https:\/\/sites.ffkarate.fr\/herault\/wp-content\/uploads\/sites\/62\/2018\/05\/Hakim4.jpg\" alt=\"Hakim4\" width=\"960\" height=\"720\" \/><\/a> <a href=\"https:\/\/sites.ffkarate.fr\/herault\/wp-content\/uploads\/sites\/62\/2018\/05\/Hakim3.jpg\"><img decoding=\"async\" class=\"aligncenter size-full wp-image-1002\" src=\"https:\/\/sites.ffkarate.fr\/herault\/wp-content\/uploads\/sites\/62\/2018\/05\/Hakim3.jpg\" alt=\"Hakim3\" width=\"720\" height=\"960\" \/><\/a> <a href=\"https:\/\/sites.ffkarate.fr\/herault\/wp-content\/uploads\/sites\/62\/2018\/05\/Hakim2.jpg\"><img decoding=\"async\" class=\"aligncenter size-full wp-image-1001\" src=\"https:\/\/sites.ffkarate.fr\/herault\/wp-content\/uploads\/sites\/62\/2018\/05\/Hakim2.jpg\" alt=\"Hakim2\" width=\"960\" height=\"720\" \/><\/a> <a href=\"https:\/\/sites.ffkarate.fr\/herault\/wp-content\/uploads\/sites\/62\/2018\/05\/Hakim1.jpg\"><img decoding=\"async\" class=\"aligncenter wp-image-1000 size-full\" src=\"https:\/\/sites.ffkarate.fr\/herault\/wp-content\/uploads\/sites\/62\/2018\/05\/Hakim1.jpg\" alt=\"Hakim1\" width=\"960\" height=\"720\" \/><\/a><\/p>\n<p>&nbsp;[\/vc_column_text][\/vc_column][\/vc_row]<\/p>\n<\/div>","protected":false},"excerpt":{"rendered":"<p>[vc_row][vc_column][vc_column_text]Le Comit\u00e9 de l&rsquo;H\u00e9rault a pr\u00eat\u00e9 main forte lors de la Journ\u00e9e citoyenne Educap City \u00e0 Montpellier. La session Karat\u00e9 a \u00e9t\u00e9 anim\u00e9e par Hakim Hocine entra\u00eeneur r\u00e9gional et entra\u00eeneur du Collectif H\u00e9rault Combat de l&rsquo;H\u00e9rault. Une belle affluence pour faire d\u00e9couvrir le karat\u00e9 au plus grand nombre. Une vitrine \u00e9galement pour notre discipline aupr\u00e8s [&hellip;]<\/p>\n","protected":false},"author":88,"featured_media":1006,"comment_status":"closed","ping_status":"closed","sticky":false,"template":"","format":"standard","meta":{"footnotes":""},"categories":[1],"tags":[],"class_list":["post-1007","post","type-post","status-publish","format-standard","hentry","category-non-classe"],"_links":{"self":[{"href":"https:\/\/sites.ffkarate.fr\/herault\/wp-json\/wp\/v2\/posts\/1007","targetHints":{"allow":["GET"]}}],"collection":[{"href":"https:\/\/sites.ffkarate.fr\/herault\/wp-json\/wp\/v2\/posts"}],"about":[{"href":"https:\/\/sites.ffkarate.fr\/herault\/wp-json\/wp\/v2\/types\/post"}],"author":[{"embeddable":true,"href":"https:\/\/sites.ffkarate.fr\/herault\/wp-json\/wp\/v2\/users\/88"}],"replies":[{"embeddable":true,"href":"https:\/\/sites.ffkarate.fr\/herault\/wp-json\/wp\/v2\/comments?post=1007"}],"version-history":[{"count":0,"href":"https:\/\/sites.ffkarate.fr\/herault\/wp-json\/wp\/v2\/posts\/1007\/revisions"}],"wp:featuredmedia":[{"embeddable":true,"href":"https:\/\/sites.ffkarate.fr\/herault\/wp-json\/wp\/v2\/media\/1006"}],"wp:attachment":[{"href":"https:\/\/sites.ffkarate.fr\/herault\/wp-json\/wp\/v2\/media?parent=1007"}],"wp:term":[{"taxonomy":"category","embeddable":true,"href":"https:\/\/sites.ffkarate.fr\/herault\/wp-json\/wp\/v2\/categories?post=1007"},{"taxonomy":"post_tag","embeddable":true,"href":"https:\/\/sites.ffkarate.fr\/herault\/wp-json\/wp\/v2\/tags?post=1007"}],"curies":[{"name":"wp","href":"https:\/\/api.w.org\/{rel}","templated":true}]}}