{"id":1010,"date":"2018-05-20T22:31:24","date_gmt":"2018-05-20T20:31:24","guid":{"rendered":"https:\/\/sites.ffkarate.fr\/herault\/?post_type=news&amp;p=1010"},"modified":"2018-05-20T22:31:24","modified_gmt":"2018-05-20T20:31:24","slug":"68-candidats-reunis-au-3eme-examen-de-grades-a-juvignac","status":"publish","type":"post","link":"https:\/\/sites.ffkarate.fr\/herault\/2018\/05\/20\/68-candidats-reunis-au-3eme-examen-de-grades-a-juvignac\/","title":{"rendered":"68 candidats r\u00e9unis au 3\u00e8me examen de grades \u00e0 Juvignac"},"content":{"rendered":"<div class=\"wpb-content-wrapper\"><p>[vc_row][vc_column][vc_column_text]Le Comit\u00e9 de l&rsquo;H\u00e9rault a organis\u00e9 deux jours d&rsquo;examen de grades du 1er au 3\u00e8me dan les 19 et 20 mai \u00e0 Juvignac.<\/p>\n<p>Cet examen f\u00e9d\u00e9ral officiel s&rsquo;est d\u00e9roul\u00e9 en pr\u00e9sence des membres du jury, du Responsable des Grades Mario Marcou du Pr\u00e9sident Sylvain Berg\u00e9 du Directeur Technique Olivier Franqua, des vices-Pr\u00e9sidents Deli Muepu et Michel Carel et des membres du bureau au complet.<\/p>\n<p>Le comit\u00e9 f\u00e9licite tous les nouveaux promus et l&rsquo;ensemble des candidats pour avoir donn\u00e9 le meilleur d&rsquo;eux-m\u00eame dans cet examen.<\/p>\n<p>Nous remercions la Ville de Juvignac et le Juvignac Karate Club pour l&rsquo;accueil de tous les 68 candidats du d\u00e9partement accueillis ce week-end<\/p>\n<p><a href=\"https:\/\/sites.ffkarate.fr\/herault\/wp-content\/uploads\/sites\/62\/2018\/05\/1.jpg\"><img decoding=\"async\" class=\"aligncenter wp-image-1011 size-full\" src=\"https:\/\/sites.ffkarate.fr\/herault\/wp-content\/uploads\/sites\/62\/2018\/05\/1.jpg\" alt=\"1\" width=\"640\" height=\"236\" \/><\/a> <a href=\"https:\/\/sites.ffkarate.fr\/herault\/wp-content\/uploads\/sites\/62\/2018\/05\/2.jpg\"><img decoding=\"async\" class=\"aligncenter wp-image-1012 size-full\" src=\"https:\/\/sites.ffkarate.fr\/herault\/wp-content\/uploads\/sites\/62\/2018\/05\/2.jpg\" alt=\"2\" width=\"960\" height=\"306\" \/><\/a> <a href=\"https:\/\/sites.ffkarate.fr\/herault\/wp-content\/uploads\/sites\/62\/2018\/05\/3.jpg\"><img decoding=\"async\" class=\"aligncenter wp-image-1013 size-full\" src=\"https:\/\/sites.ffkarate.fr\/herault\/wp-content\/uploads\/sites\/62\/2018\/05\/3.jpg\" alt=\"3\" width=\"960\" height=\"426\" \/><\/a>[\/vc_column_text][\/vc_column][\/vc_row]<\/p>\n<\/div>","protected":false},"excerpt":{"rendered":"<p>[vc_row][vc_column][vc_column_text]Le Comit\u00e9 de l&rsquo;H\u00e9rault a organis\u00e9 deux jours d&rsquo;examen de grades du 1er au 3\u00e8me dan les 19 et 20 mai \u00e0 Juvignac. Cet examen f\u00e9d\u00e9ral officiel s&rsquo;est d\u00e9roul\u00e9 en pr\u00e9sence des membres du jury, du Responsable des Grades Mario Marcou du Pr\u00e9sident Sylvain Berg\u00e9 du Directeur Technique Olivier Franqua, des vices-Pr\u00e9sidents Deli Muepu et [&hellip;]<\/p>\n","protected":false},"author":88,"featured_media":1012,"comment_status":"closed","ping_status":"closed","sticky":false,"template":"","format":"standard","meta":{"footnotes":""},"categories":[1],"tags":[],"class_list":["post-1010","post","type-post","status-publish","format-standard","hentry","category-non-classe"],"_links":{"self":[{"href":"https:\/\/sites.ffkarate.fr\/herault\/wp-json\/wp\/v2\/posts\/1010","targetHints":{"allow":["GET"]}}],"collection":[{"href":"https:\/\/sites.ffkarate.fr\/herault\/wp-json\/wp\/v2\/posts"}],"about":[{"href":"https:\/\/sites.ffkarate.fr\/herault\/wp-json\/wp\/v2\/types\/post"}],"author":[{"embeddable":true,"href":"https:\/\/sites.ffkarate.fr\/herault\/wp-json\/wp\/v2\/users\/88"}],"replies":[{"embeddable":true,"href":"https:\/\/sites.ffkarate.fr\/herault\/wp-json\/wp\/v2\/comments?post=1010"}],"version-history":[{"count":0,"href":"https:\/\/sites.ffkarate.fr\/herault\/wp-json\/wp\/v2\/posts\/1010\/revisions"}],"wp:featuredmedia":[{"embeddable":true,"href":"https:\/\/sites.ffkarate.fr\/herault\/wp-json\/wp\/v2\/media\/1012"}],"wp:attachment":[{"href":"https:\/\/sites.ffkarate.fr\/herault\/wp-json\/wp\/v2\/media?parent=1010"}],"wp:term":[{"taxonomy":"category","embeddable":true,"href":"https:\/\/sites.ffkarate.fr\/herault\/wp-json\/wp\/v2\/categories?post=1010"},{"taxonomy":"post_tag","embeddable":true,"href":"https:\/\/sites.ffkarate.fr\/herault\/wp-json\/wp\/v2\/tags?post=1010"}],"curies":[{"name":"wp","href":"https:\/\/api.w.org\/{rel}","templated":true}]}}