{"id":1037,"date":"2018-06-22T21:34:51","date_gmt":"2018-06-22T19:34:51","guid":{"rendered":"https:\/\/sites.ffkarate.fr\/herault\/?post_type=news&amp;p=1037"},"modified":"2018-06-22T21:34:51","modified_gmt":"2018-06-22T19:34:51","slug":"un-stage-enfantsjeunes-place-sous-le-signe-du-sport-sante","status":"publish","type":"post","link":"https:\/\/sites.ffkarate.fr\/herault\/2018\/06\/22\/un-stage-enfantsjeunes-place-sous-le-signe-du-sport-sante\/","title":{"rendered":"Un stage enfants\/jeunes plac\u00e9 sous le signe du sport-sant\u00e9"},"content":{"rendered":"<div class=\"wpb-content-wrapper\"><p>[vc_row][vc_column][vc_column_text]Un stage enfants et jeunes r\u00e9ussi, anim\u00e9 par Hakim Hocine, au Centre National d&rsquo;Entra\u00eenement de la F\u00e9d\u00e9ration Fran\u00e7aise de Karat\u00e9 \u00e0 Castelnau-le-Lez le 13 juin dernier.<\/p>\n<p>Des enfants tr\u00e8s heureux \u00e0 l&rsquo;issue du stage et qui ont b\u00e9n\u00e9fici\u00e9 d&rsquo;une animation ludique sur la nutrition et l&rsquo;alimentation gr\u00e2ce \u00e0 notre sponsor Eovi Mcd mutuelle pour cette journ\u00e9e.<\/p>\n<p>Le Comit\u00e9 de l&rsquo;H\u00e9rault tient \u00e0 remercier Thierry Masci et la F\u00e9d\u00e9ration Fran\u00e7aise de karat\u00e9 pour la mise \u00e0 disposition du Centre National d&rsquo;Entra\u00eenement, aux parents pour avoir amen\u00e9 leurs enfants, et \u00e0 nos jeunes samoura\u00efs qui sont venus cl\u00f4turer une belle saison sportive.<\/p>\n<p><a href=\"https:\/\/sites.ffkarate.fr\/herault\/wp-content\/uploads\/sites\/62\/2018\/06\/Stage-enfants1.jpg\"><img decoding=\"async\" class=\"aligncenter wp-image-1038 size-full\" src=\"https:\/\/sites.ffkarate.fr\/herault\/wp-content\/uploads\/sites\/62\/2018\/06\/Stage-enfants1.jpg\" alt=\"Stage-enfants1\" width=\"960\" height=\"540\" \/><\/a> <a href=\"https:\/\/sites.ffkarate.fr\/herault\/wp-content\/uploads\/sites\/62\/2018\/06\/Stage-enfants11.jpg\"><img decoding=\"async\" class=\"aligncenter size-full wp-image-1048\" src=\"https:\/\/sites.ffkarate.fr\/herault\/wp-content\/uploads\/sites\/62\/2018\/06\/Stage-enfants11.jpg\" alt=\"Stage-enfants11\" width=\"960\" height=\"540\" \/><\/a> <a href=\"https:\/\/sites.ffkarate.fr\/herault\/wp-content\/uploads\/sites\/62\/2018\/06\/Stage-enfants10.jpg\"><img decoding=\"async\" class=\"aligncenter wp-image-1047 size-full\" src=\"https:\/\/sites.ffkarate.fr\/herault\/wp-content\/uploads\/sites\/62\/2018\/06\/Stage-enfants10.jpg\" alt=\"Stage-enfants10\" width=\"960\" height=\"540\" \/><\/a> <a href=\"https:\/\/sites.ffkarate.fr\/herault\/wp-content\/uploads\/sites\/62\/2018\/06\/Stage-enfants9.jpg\"><img decoding=\"async\" class=\"aligncenter wp-image-1046 size-full\" src=\"https:\/\/sites.ffkarate.fr\/herault\/wp-content\/uploads\/sites\/62\/2018\/06\/Stage-enfants9.jpg\" alt=\"Stage-enfants9\" width=\"960\" height=\"540\" \/><\/a> <a href=\"https:\/\/sites.ffkarate.fr\/herault\/wp-content\/uploads\/sites\/62\/2018\/06\/Stage-enfants8.jpg\"><img decoding=\"async\" class=\"aligncenter wp-image-1045 size-full\" src=\"https:\/\/sites.ffkarate.fr\/herault\/wp-content\/uploads\/sites\/62\/2018\/06\/Stage-enfants8.jpg\" alt=\"Stage-enfants8\" width=\"960\" height=\"540\" \/><\/a> <a href=\"https:\/\/sites.ffkarate.fr\/herault\/wp-content\/uploads\/sites\/62\/2018\/06\/Stage-enfants7.jpg\"><img decoding=\"async\" class=\"aligncenter wp-image-1044 size-full\" src=\"https:\/\/sites.ffkarate.fr\/herault\/wp-content\/uploads\/sites\/62\/2018\/06\/Stage-enfants7.jpg\" alt=\"Stage-enfants7\" width=\"960\" height=\"540\" \/><\/a> <a href=\"https:\/\/sites.ffkarate.fr\/herault\/wp-content\/uploads\/sites\/62\/2018\/06\/Stage-enfants6.jpg\"><img decoding=\"async\" class=\"aligncenter wp-image-1043 size-full\" src=\"https:\/\/sites.ffkarate.fr\/herault\/wp-content\/uploads\/sites\/62\/2018\/06\/Stage-enfants6.jpg\" alt=\"Stage-enfants6\" width=\"960\" height=\"540\" \/><\/a> <a href=\"https:\/\/sites.ffkarate.fr\/herault\/wp-content\/uploads\/sites\/62\/2018\/06\/Stage-enfants5.jpg\"><img decoding=\"async\" class=\"aligncenter wp-image-1042 size-full\" src=\"https:\/\/sites.ffkarate.fr\/herault\/wp-content\/uploads\/sites\/62\/2018\/06\/Stage-enfants5.jpg\" alt=\"Stage-enfants5\" width=\"960\" height=\"540\" \/><\/a> <a href=\"https:\/\/sites.ffkarate.fr\/herault\/wp-content\/uploads\/sites\/62\/2018\/06\/Stage-enfants4.jpg\"><img decoding=\"async\" class=\"aligncenter wp-image-1041 size-full\" src=\"https:\/\/sites.ffkarate.fr\/herault\/wp-content\/uploads\/sites\/62\/2018\/06\/Stage-enfants4.jpg\" alt=\"Stage-enfants4\" width=\"960\" height=\"540\" \/><\/a> <a href=\"https:\/\/sites.ffkarate.fr\/herault\/wp-content\/uploads\/sites\/62\/2018\/06\/Stage-enfants3.jpg\"><img decoding=\"async\" class=\"aligncenter wp-image-1040 size-full\" src=\"https:\/\/sites.ffkarate.fr\/herault\/wp-content\/uploads\/sites\/62\/2018\/06\/Stage-enfants3.jpg\" alt=\"Stage-enfants3\" width=\"960\" height=\"540\" \/><\/a> <a href=\"https:\/\/sites.ffkarate.fr\/herault\/wp-content\/uploads\/sites\/62\/2018\/06\/Stage-enfants2.jpg\"><img decoding=\"async\" class=\"aligncenter wp-image-1039 size-full\" src=\"https:\/\/sites.ffkarate.fr\/herault\/wp-content\/uploads\/sites\/62\/2018\/06\/Stage-enfants2.jpg\" alt=\"Stage-enfants2\" width=\"960\" height=\"540\" \/><\/a>[\/vc_column_text][\/vc_column][\/vc_row]<\/p>\n<\/div>","protected":false},"excerpt":{"rendered":"<p>[vc_row][vc_column][vc_column_text]Un stage enfants et jeunes r\u00e9ussi, anim\u00e9 par Hakim Hocine, au Centre National d&rsquo;Entra\u00eenement de la F\u00e9d\u00e9ration Fran\u00e7aise de Karat\u00e9 \u00e0 Castelnau-le-Lez le 13 juin dernier. Des enfants tr\u00e8s heureux \u00e0 l&rsquo;issue du stage et qui ont b\u00e9n\u00e9fici\u00e9 d&rsquo;une animation ludique sur la nutrition et l&rsquo;alimentation gr\u00e2ce \u00e0 notre sponsor Eovi Mcd mutuelle pour cette [&hellip;]<\/p>\n","protected":false},"author":88,"featured_media":1047,"comment_status":"closed","ping_status":"closed","sticky":false,"template":"","format":"standard","meta":{"footnotes":""},"categories":[1],"tags":[],"class_list":["post-1037","post","type-post","status-publish","format-standard","hentry","category-non-classe"],"_links":{"self":[{"href":"https:\/\/sites.ffkarate.fr\/herault\/wp-json\/wp\/v2\/posts\/1037","targetHints":{"allow":["GET"]}}],"collection":[{"href":"https:\/\/sites.ffkarate.fr\/herault\/wp-json\/wp\/v2\/posts"}],"about":[{"href":"https:\/\/sites.ffkarate.fr\/herault\/wp-json\/wp\/v2\/types\/post"}],"author":[{"embeddable":true,"href":"https:\/\/sites.ffkarate.fr\/herault\/wp-json\/wp\/v2\/users\/88"}],"replies":[{"embeddable":true,"href":"https:\/\/sites.ffkarate.fr\/herault\/wp-json\/wp\/v2\/comments?post=1037"}],"version-history":[{"count":0,"href":"https:\/\/sites.ffkarate.fr\/herault\/wp-json\/wp\/v2\/posts\/1037\/revisions"}],"wp:featuredmedia":[{"embeddable":true,"href":"https:\/\/sites.ffkarate.fr\/herault\/wp-json\/wp\/v2\/media\/1047"}],"wp:attachment":[{"href":"https:\/\/sites.ffkarate.fr\/herault\/wp-json\/wp\/v2\/media?parent=1037"}],"wp:term":[{"taxonomy":"category","embeddable":true,"href":"https:\/\/sites.ffkarate.fr\/herault\/wp-json\/wp\/v2\/categories?post=1037"},{"taxonomy":"post_tag","embeddable":true,"href":"https:\/\/sites.ffkarate.fr\/herault\/wp-json\/wp\/v2\/tags?post=1037"}],"curies":[{"name":"wp","href":"https:\/\/api.w.org\/{rel}","templated":true}]}}