{"id":1063,"date":"2018-07-04T22:10:52","date_gmt":"2018-07-04T20:10:52","guid":{"rendered":"https:\/\/sites.ffkarate.fr\/herault\/?post_type=news&amp;p=1063"},"modified":"2018-07-04T22:10:52","modified_gmt":"2018-07-04T20:10:52","slug":"1er-stage-departemental-de-krav-maga-le-28-juillet-2018","status":"publish","type":"post","link":"https:\/\/sites.ffkarate.fr\/herault\/2018\/07\/04\/1er-stage-departemental-de-krav-maga-le-28-juillet-2018\/","title":{"rendered":"1er stage d\u00e9partemental de Krav-maga le 28 juillet 2018"},"content":{"rendered":"<div class=\"wpb-content-wrapper\"><p>[vc_row][vc_column][vc_column_text]&nbsp;<\/p>\n<p><a href=\"https:\/\/sites.ffkarate.fr\/herault\/wp-content\/uploads\/sites\/62\/2018\/07\/Affiche-KRAV_juillet_2018.jpeg\"><img decoding=\"async\" class=\"aligncenter wp-image-1064 size-large\" src=\"https:\/\/sites.ffkarate.fr\/herault\/wp-content\/uploads\/sites\/62\/2018\/07\/Affiche-KRAV_juillet_2018-724x1024.jpeg\" alt=\"Affiche-KRAV_juillet_2018\" width=\"640\" height=\"905\" \/><\/a><\/p>\n<p>La commission Krav-maga du Comit\u00e9 de l&rsquo;H\u00e9rault, organise un premier stage le 28 juillet 2018. Ouvert d\u00e8s 14 ans, deux heures de Krav-maga sont au programme le matin de 10h \u00e0 12h apr\u00e8s un caf\u00e9 d&rsquo;accueil, puis un repas au bord de l&rsquo;H\u00e9rault et une sortie cano\u00eb-kayak l&rsquo;apr\u00e8s-midi. A vos agendas. Ce stage est ouvert \u00e0 tous les licenci\u00e9s FFK quelle que soit la discipline.[\/vc_column_text][\/vc_column][\/vc_row]<\/p>\n<\/div>","protected":false},"excerpt":{"rendered":"<p>[vc_row][vc_column][vc_column_text]&nbsp; La commission Krav-maga du Comit\u00e9 de l&rsquo;H\u00e9rault, organise un premier stage le 28 juillet 2018. Ouvert d\u00e8s 14 ans, deux heures de Krav-maga sont au programme le matin de 10h \u00e0 12h apr\u00e8s un caf\u00e9 d&rsquo;accueil, puis un repas au bord de l&rsquo;H\u00e9rault et une sortie cano\u00eb-kayak l&rsquo;apr\u00e8s-midi. A vos agendas. Ce stage est [&hellip;]<\/p>\n","protected":false},"author":88,"featured_media":1064,"comment_status":"closed","ping_status":"closed","sticky":false,"template":"","format":"standard","meta":{"footnotes":""},"categories":[1],"tags":[],"class_list":["post-1063","post","type-post","status-publish","format-standard","hentry","category-non-classe"],"_links":{"self":[{"href":"https:\/\/sites.ffkarate.fr\/herault\/wp-json\/wp\/v2\/posts\/1063","targetHints":{"allow":["GET"]}}],"collection":[{"href":"https:\/\/sites.ffkarate.fr\/herault\/wp-json\/wp\/v2\/posts"}],"about":[{"href":"https:\/\/sites.ffkarate.fr\/herault\/wp-json\/wp\/v2\/types\/post"}],"author":[{"embeddable":true,"href":"https:\/\/sites.ffkarate.fr\/herault\/wp-json\/wp\/v2\/users\/88"}],"replies":[{"embeddable":true,"href":"https:\/\/sites.ffkarate.fr\/herault\/wp-json\/wp\/v2\/comments?post=1063"}],"version-history":[{"count":0,"href":"https:\/\/sites.ffkarate.fr\/herault\/wp-json\/wp\/v2\/posts\/1063\/revisions"}],"wp:featuredmedia":[{"embeddable":true,"href":"https:\/\/sites.ffkarate.fr\/herault\/wp-json\/wp\/v2\/media\/1064"}],"wp:attachment":[{"href":"https:\/\/sites.ffkarate.fr\/herault\/wp-json\/wp\/v2\/media?parent=1063"}],"wp:term":[{"taxonomy":"category","embeddable":true,"href":"https:\/\/sites.ffkarate.fr\/herault\/wp-json\/wp\/v2\/categories?post=1063"},{"taxonomy":"post_tag","embeddable":true,"href":"https:\/\/sites.ffkarate.fr\/herault\/wp-json\/wp\/v2\/tags?post=1063"}],"curies":[{"name":"wp","href":"https:\/\/api.w.org\/{rel}","templated":true}]}}