{"id":1261,"date":"2019-07-29T08:40:11","date_gmt":"2019-07-29T06:40:11","guid":{"rendered":"https:\/\/sites.ffkarate.fr\/herault\/?post_type=news&amp;p=1261"},"modified":"2019-07-29T08:40:11","modified_gmt":"2019-07-29T06:40:11","slug":"appel-a-candidatures-referent-wushu-comite-de-lherault","status":"publish","type":"post","link":"https:\/\/sites.ffkarate.fr\/herault\/2019\/07\/29\/appel-a-candidatures-referent-wushu-comite-de-lherault\/","title":{"rendered":"Appel \u00e0 candidatures r\u00e9f\u00e9rent Wushu Comit\u00e9 de l&rsquo;H\u00e9rault"},"content":{"rendered":"<div class=\"wpb-content-wrapper\"><p>[vc_row][vc_column][vc_column_text]<\/p>\n<div>Suite \u00e0 la d\u00e9mission de notre r\u00e9f\u00e9rent wushu pour des raisons professionnelles, le Comit\u00e9 d\u00e9partemental lance un appel \u00e0 candidature jusqu&rsquo;au 10 septembre 2019.<\/div>\n<div><\/div>\n<div>Merci de bien vouloir envoyer, avant le 10 septembre 2019,\u00a0votre candidature \u00e0 :<\/div>\n<div>CD karat\u00e9 et D.A H\u00e9rault<\/div>\n<div>66 place de l&rsquo;Egalit\u00e9 &#8211; BP 7250<\/div>\n<div>Maison d\u00e9partementale des sports<\/div>\n<div>34080 Montpellier<\/div>\n<div><\/div>\n<div>La fiche de candidature est disponibles par t\u00e9l\u00e9chargement sur les liens ci-dessous.<\/div>\n<div><\/div>\n<div>Sportivement et bon \u00e9t\u00e9 \u00e0 tous<\/div>\n<div><\/div>\n<div>le Comit\u00e9 de l&rsquo;H\u00e9rault<\/div>\n<div><\/div>\n<div><a href=\"https:\/\/sites.ffkarate.fr\/herault\/wp-content\/uploads\/sites\/62\/2019\/07\/WUSHU-appel-candidature.doc\">WUSHU-appel-candidature<\/a> <a href=\"https:\/\/sites.ffkarate.fr\/herault\/wp-content\/uploads\/sites\/62\/2019\/07\/WUSHU-appel-candidaturePDF.pdf\">WUSHU-appel-candidaturePDF<\/a><\/div>\n<div><\/div>\n<div><a href=\"https:\/\/sites.ffkarate.fr\/herault\/wp-content\/uploads\/sites\/62\/2019\/07\/WUSHU-appel-candidature.doc\">WUSHU-appel-candidature<\/a><\/div>\n<p>[\/vc_column_text][\/vc_column][\/vc_row]<\/p>\n<\/div>","protected":false},"excerpt":{"rendered":"<p>[vc_row][vc_column][vc_column_text] Suite \u00e0 la d\u00e9mission de notre r\u00e9f\u00e9rent wushu pour des raisons professionnelles, le Comit\u00e9 d\u00e9partemental lance un appel \u00e0 candidature jusqu&rsquo;au 10 septembre 2019. Merci de bien vouloir envoyer, avant le 10 septembre 2019,\u00a0votre candidature \u00e0 : CD karat\u00e9 et D.A H\u00e9rault 66 place de l&rsquo;Egalit\u00e9 &#8211; BP 7250 Maison d\u00e9partementale des sports 34080 [&hellip;]<\/p>\n","protected":false},"author":88,"featured_media":0,"comment_status":"closed","ping_status":"closed","sticky":false,"template":"","format":"standard","meta":{"footnotes":""},"categories":[1],"tags":[],"class_list":["post-1261","post","type-post","status-publish","format-standard","hentry","category-non-classe"],"_links":{"self":[{"href":"https:\/\/sites.ffkarate.fr\/herault\/wp-json\/wp\/v2\/posts\/1261","targetHints":{"allow":["GET"]}}],"collection":[{"href":"https:\/\/sites.ffkarate.fr\/herault\/wp-json\/wp\/v2\/posts"}],"about":[{"href":"https:\/\/sites.ffkarate.fr\/herault\/wp-json\/wp\/v2\/types\/post"}],"author":[{"embeddable":true,"href":"https:\/\/sites.ffkarate.fr\/herault\/wp-json\/wp\/v2\/users\/88"}],"replies":[{"embeddable":true,"href":"https:\/\/sites.ffkarate.fr\/herault\/wp-json\/wp\/v2\/comments?post=1261"}],"version-history":[{"count":0,"href":"https:\/\/sites.ffkarate.fr\/herault\/wp-json\/wp\/v2\/posts\/1261\/revisions"}],"wp:attachment":[{"href":"https:\/\/sites.ffkarate.fr\/herault\/wp-json\/wp\/v2\/media?parent=1261"}],"wp:term":[{"taxonomy":"category","embeddable":true,"href":"https:\/\/sites.ffkarate.fr\/herault\/wp-json\/wp\/v2\/categories?post=1261"},{"taxonomy":"post_tag","embeddable":true,"href":"https:\/\/sites.ffkarate.fr\/herault\/wp-json\/wp\/v2\/tags?post=1261"}],"curies":[{"name":"wp","href":"https:\/\/api.w.org\/{rel}","templated":true}]}}